
{"id":99,"date":"2016-08-26T16:53:22","date_gmt":"2016-08-26T14:53:22","guid":{"rendered":"http:\/\/partycypacjaobywatelska.pl\/kopiaprzestrzeni\/?p=99"},"modified":"2017-01-17T10:09:48","modified_gmt":"2017-01-17T09:09:48","slug":"spotkania-informacyjno-szkoleniowe-w-projekcie-przestrzen-dla-partycypacji","status":"publish","type":"post","link":"https:\/\/partycypacjaobywatelska.pl\/przestrzen\/2016\/08\/26\/spotkania-informacyjno-szkoleniowe-w-projekcie-przestrzen-dla-partycypacji\/","title":{"rendered":"Zapraszamy na spotkania informacyjno-szkoleniowe (Katowice &#8211; 6.09 i Warszawa &#8211; 8.09)"},"content":{"rendered":"<p><strong>1 wrze\u015bnia rozpocznie si\u0119 nab\u00f3r do projektu \u201ePrzestrze\u0144 dla partycypacji\u201d. Ju\u017c teraz mo\u017cna si\u0119 zapisywa\u0107 na spotkania informacyjno-szkoleniowe, dotycz\u0105ce udzia\u0142u w projekcie, kt\u00f3re odb\u0119d\u0105 si\u0119 na pocz\u0105tku wrze\u015bnia w Katowicach (6.09) i w Warszawie (8.09).<\/strong><\/p>\n<p><strong>Realizatorzy projektu zapraszaj\u0105 na spotkania informacyjno-szkoleniowe<\/strong>, zak\u0142adaj\u0105ce cz\u0119\u015b\u0107 informacyjn\u0105, dotycz\u0105c\u0105 procedur zg\u0142aszania si\u0119 i udzia\u0142u, a tak\u017ce cz\u0119\u015b\u0107 szkoleniow\u0105 (z elementami warsztatowymi) dotycz\u0105c\u0105 podstawowych zagadnie\u0144 zwi\u0105zanych ze stosowaniem metod partycypacyjnych w planowaniu przestrzennym.<\/p>\n<p><strong>Spotkania odb\u0119d\u0105 si\u0119:<\/strong><\/p>\n<ul>\n<li><strong>6 wrze\u015bnia (wtorek) w godz. 10.00-16.00 w Katowicach<\/strong>, w Centrum Informacji Naukowej i Bibliotece Akademickiej (CINiBA) przy ul. Bankowej 11a<\/li>\n<li><strong>8 wrze\u015bnia (czwartek) w godz. 10.00-16.00 w Warszawie<\/strong>, w Marzycielach i Rzemie\u015blnikach. Domu innowacji spo\u0142ecznych przy ul. Brackiej 25<\/li>\n<\/ul>\n<p>Do udzia\u0142u w spotkaniach zapraszamy w szczeg\u00f3lno\u015bci osoby odpowiedzialne za prowadzenie konsultacji spo\u0142ecznych w gminach oraz osoby odpowiedzialne za planowanie przestrzenne. Mo\u017cliwy jest przyjazd dw\u00f3ch os\u00f3b z jednej gminy.<\/p>\n<p>Spotkania organizuj\u0105 i prowadz\u0105 realizatorzy projektu z Fundacji Napraw Sobie Miasto, Pracowni Bada\u0144 i Innowacji Spo\u0142ecznych \u201eStocznia\u201d, Pracowni Zr\u00f3wnowa\u017conego Rozwoju i Zwi\u0105zku Miast Polskich &#8211; eksperci z zakresu partycypacji obywatelskiej i urbanistyki.<\/p>\n<p>W trakcie spotkania przewidziany jest posi\u0142ek. Organizatorzy nie zapewniaj\u0105 jednak zwrotu koszt\u00f3w przejazdu.<\/p>\n<p><strong>Na spotkania mo\u017cna si\u0119 zg\u0142asza\u0107 poprzez wype\u0142nienie do 30 sierpnia w\u0142\u0105cznie formularza zg\u0142oszeniowego pod tym linkiem: <\/strong><a href=\"https:\/\/goo.gl\/forms\/0RMUWxqBtBGPgmov2\"><strong>https:\/\/goo.gl\/forms\/0RMUWxqBtBGPgmov2<\/strong><\/a><strong>.<\/strong><\/p>\n<p><strong>Informacji udzielaj\u0105: <\/strong>Maria Perchu\u0107-\u017b\u00f3\u0142towska (<a href=\"mailto:mperchuc@stocznia.org.pl\">mperchuc@stocznia.org.pl<\/a>) i Maria Nowak (<a href=\"mailto:mnowak@stocznia.org.pl\">mnowak@stocznia.org.pl<\/a>), tel. (22) 100 55 94.<\/p>\n","protected":false},"excerpt":{"rendered":"<p>1 wrze\u015bnia rozpocznie si\u0119 nab\u00f3r do projektu \u201ePrzestrze\u0144 dla partycypacji\u201d. Ju\u017c teraz mo\u017cna si\u0119 zapisywa\u0107 na spotkania informacyjno-szkoleniowe, dotycz\u0105ce udzia\u0142u w projekcie, kt\u00f3re odb\u0119d\u0105 si\u0119 na pocz\u0105tku wrze\u015bnia w Katowicach (6.09) i w Warszawie (8.09). Realizatorzy projektu zapraszaj\u0105 na spotkania informacyjno-szkoleniowe, zak\u0142adaj\u0105ce cz\u0119\u015b\u0107 informacyjn\u0105, dotycz\u0105c\u0105 procedur zg\u0142aszania si\u0119 i udzia\u0142u, a tak\u017ce cz\u0119\u015b\u0107 szkoleniow\u0105 (z &hellip;<\/p>\n<a href=\"https:\/\/partycypacjaobywatelska.pl\/przestrzen\/2016\/08\/26\/spotkania-informacyjno-szkoleniowe-w-projekcie-przestrzen-dla-partycypacji\/\" class=\"ReadMore\">Czytaj wi\u0119cej<\/a>","protected":false},"author":1,"featured_media":101,"comment_status":"closed","ping_status":"closed","sticky":false,"template":"","format":"standard","meta":[],"categories":[5],"tags":[],"_links":{"self":[{"href":"https:\/\/partycypacjaobywatelska.pl\/przestrzen\/wp-json\/wp\/v2\/posts\/99"}],"collection":[{"href":"https:\/\/partycypacjaobywatelska.pl\/przestrzen\/wp-json\/wp\/v2\/posts"}],"about":[{"href":"https:\/\/partycypacjaobywatelska.pl\/przestrzen\/wp-json\/wp\/v2\/types\/post"}],"author":[{"embeddable":true,"href":"https:\/\/partycypacjaobywatelska.pl\/przestrzen\/wp-json\/wp\/v2\/users\/1"}],"replies":[{"embeddable":true,"href":"https:\/\/partycypacjaobywatelska.pl\/przestrzen\/wp-json\/wp\/v2\/comments?post=99"}],"version-history":[{"count":6,"href":"https:\/\/partycypacjaobywatelska.pl\/przestrzen\/wp-json\/wp\/v2\/posts\/99\/revisions"}],"predecessor-version":[{"id":350,"href":"https:\/\/partycypacjaobywatelska.pl\/przestrzen\/wp-json\/wp\/v2\/posts\/99\/revisions\/350"}],"wp:featuredmedia":[{"embeddable":true,"href":"https:\/\/partycypacjaobywatelska.pl\/przestrzen\/wp-json\/wp\/v2\/media\/101"}],"wp:attachment":[{"href":"https:\/\/partycypacjaobywatelska.pl\/przestrzen\/wp-json\/wp\/v2\/media?parent=99"}],"wp:term":[{"taxonomy":"category","embeddable":true,"href":"https:\/\/partycypacjaobywatelska.pl\/przestrzen\/wp-json\/wp\/v2\/categories?post=99"},{"taxonomy":"post_tag","embeddable":true,"href":"https:\/\/partycypacjaobywatelska.pl\/przestrzen\/wp-json\/wp\/v2\/tags?post=99"}],"curies":[{"name":"wp","href":"https:\/\/api.w.org\/{rel}","templated":true}]}}