
{"id":955,"date":"2017-08-03T16:54:44","date_gmt":"2017-08-03T14:54:44","guid":{"rendered":"http:\/\/partycypacjaobywatelska.pl\/przestrzen\/?p=955"},"modified":"2017-08-03T16:54:44","modified_gmt":"2017-08-03T14:54:44","slug":"konsultacje-w-rytmie-country","status":"publish","type":"post","link":"https:\/\/partycypacjaobywatelska.pl\/przestrzen\/2017\/08\/03\/konsultacje-w-rytmie-country\/","title":{"rendered":"Konsultacje w rytmie country"},"content":{"rendered":"<p class=\"lead\">Pod koniec lipca w Mr\u0105gowie, podczas 36. Pikniku Country, odby\u0142o si\u0119 kolejne wydarzenie w ramach konsultacji zmian w planie zagospodarowania przestrzennego cz\u0119\u015bci miasta. W punkcie\u00a0konsultacyjnym mo\u017cna by\u0142o m.in. obejrze\u0107\u00a0plany miejscowe oraz porozmawia\u0107 z architektk\u0105 odpowiadaj\u0105c\u0105 za ich przygotowanie.<\/p>\n<p>Stoisko odwiedzali\u00a0nie tylko mieszka\u0144cy, lecz tak\u017ce tury\u015bci\u00a0uczestnicz\u0105cy w Pikniku. W trakcie rozm\u00f3w cz\u0119sto\u00a0wskazywali na potrzeb\u0119 zachowania zieleni jako wa\u017cnego elementu krajobrazu Mr\u0105gowa oraz komentowali\u00a0koncepcj\u0119 hotelu, kt\u00f3ry ma powsta\u0107 w mie\u015bcie. Urz\u0119dnicy zobowi\u0105zali si\u0119 przekaza\u0107 inwestorowi uwagi zebrane w trakcie konsultacji.<\/p>\n<p>Kolejne spotkanie w ramach konsultacji odb\u0119dzie si\u0119 w po\u0142owie wrze\u015bnia podczas pikniku s\u0105siedzkiego.<\/p>\n<div id='gallery-1' class='gallery galleryid-955 gallery-columns-3 gallery-size-medium'><figure class='gallery-item'>\n\t\t\t<div class='gallery-icon landscape'>\n\t\t\t\t<a href='https:\/\/partycypacjaobywatelska.pl\/przestrzen\/wp-content\/uploads\/sites\/9\/2017\/08\/mragowo_piknik_1.jpg'><img width=\"300\" height=\"200\" src=\"https:\/\/partycypacjaobywatelska.pl\/przestrzen\/wp-content\/uploads\/sites\/9\/2017\/08\/mragowo_piknik_1-300x200.jpg\" class=\"attachment-medium size-medium\" alt=\"\" loading=\"lazy\" srcset=\"https:\/\/partycypacjaobywatelska.pl\/przestrzen\/wp-content\/uploads\/sites\/9\/2017\/08\/mragowo_piknik_1-300x200.jpg 300w, https:\/\/partycypacjaobywatelska.pl\/przestrzen\/wp-content\/uploads\/sites\/9\/2017\/08\/mragowo_piknik_1-1024x683.jpg 1024w, https:\/\/partycypacjaobywatelska.pl\/przestrzen\/wp-content\/uploads\/sites\/9\/2017\/08\/mragowo_piknik_1-180x120.jpg 180w\" sizes=\"(max-width: 300px) 100vw, 300px\" \/><\/a>\n\t\t\t<\/div><\/figure><figure class='gallery-item'>\n\t\t\t<div class='gallery-icon landscape'>\n\t\t\t\t<a href='https:\/\/partycypacjaobywatelska.pl\/przestrzen\/wp-content\/uploads\/sites\/9\/2017\/08\/mragowo_piknik_2.jpg'><img width=\"300\" height=\"169\" src=\"https:\/\/partycypacjaobywatelska.pl\/przestrzen\/wp-content\/uploads\/sites\/9\/2017\/08\/mragowo_piknik_2-300x169.jpg\" class=\"attachment-medium size-medium\" alt=\"\" loading=\"lazy\" srcset=\"https:\/\/partycypacjaobywatelska.pl\/przestrzen\/wp-content\/uploads\/sites\/9\/2017\/08\/mragowo_piknik_2-300x169.jpg 300w, https:\/\/partycypacjaobywatelska.pl\/przestrzen\/wp-content\/uploads\/sites\/9\/2017\/08\/mragowo_piknik_2-1024x576.jpg 1024w, https:\/\/partycypacjaobywatelska.pl\/przestrzen\/wp-content\/uploads\/sites\/9\/2017\/08\/mragowo_piknik_2-400x225.jpg 400w, https:\/\/partycypacjaobywatelska.pl\/przestrzen\/wp-content\/uploads\/sites\/9\/2017\/08\/mragowo_piknik_2-213x120.jpg 213w, https:\/\/partycypacjaobywatelska.pl\/przestrzen\/wp-content\/uploads\/sites\/9\/2017\/08\/mragowo_piknik_2.jpg 1632w\" sizes=\"(max-width: 300px) 100vw, 300px\" \/><\/a>\n\t\t\t<\/div><\/figure><figure class='gallery-item'>\n\t\t\t<div class='gallery-icon landscape'>\n\t\t\t\t<a href='https:\/\/partycypacjaobywatelska.pl\/przestrzen\/wp-content\/uploads\/sites\/9\/2017\/08\/mragowo_piknik_3.jpg'><img width=\"300\" height=\"200\" src=\"https:\/\/partycypacjaobywatelska.pl\/przestrzen\/wp-content\/uploads\/sites\/9\/2017\/08\/mragowo_piknik_3-300x200.jpg\" class=\"attachment-medium size-medium\" alt=\"\" loading=\"lazy\" srcset=\"https:\/\/partycypacjaobywatelska.pl\/przestrzen\/wp-content\/uploads\/sites\/9\/2017\/08\/mragowo_piknik_3-300x200.jpg 300w, https:\/\/partycypacjaobywatelska.pl\/przestrzen\/wp-content\/uploads\/sites\/9\/2017\/08\/mragowo_piknik_3-1024x683.jpg 1024w, https:\/\/partycypacjaobywatelska.pl\/przestrzen\/wp-content\/uploads\/sites\/9\/2017\/08\/mragowo_piknik_3-180x120.jpg 180w\" sizes=\"(max-width: 300px) 100vw, 300px\" \/><\/a>\n\t\t\t<\/div><\/figure><figure class='gallery-item'>\n\t\t\t<div class='gallery-icon landscape'>\n\t\t\t\t<a href='https:\/\/partycypacjaobywatelska.pl\/przestrzen\/wp-content\/uploads\/sites\/9\/2017\/08\/mragowo_piknik_6.jpg'><img width=\"300\" height=\"169\" src=\"https:\/\/partycypacjaobywatelska.pl\/przestrzen\/wp-content\/uploads\/sites\/9\/2017\/08\/mragowo_piknik_6-300x169.jpg\" class=\"attachment-medium size-medium\" alt=\"\" loading=\"lazy\" srcset=\"https:\/\/partycypacjaobywatelska.pl\/przestrzen\/wp-content\/uploads\/sites\/9\/2017\/08\/mragowo_piknik_6-300x169.jpg 300w, https:\/\/partycypacjaobywatelska.pl\/przestrzen\/wp-content\/uploads\/sites\/9\/2017\/08\/mragowo_piknik_6-1024x576.jpg 1024w, https:\/\/partycypacjaobywatelska.pl\/przestrzen\/wp-content\/uploads\/sites\/9\/2017\/08\/mragowo_piknik_6-400x225.jpg 400w, https:\/\/partycypacjaobywatelska.pl\/przestrzen\/wp-content\/uploads\/sites\/9\/2017\/08\/mragowo_piknik_6-213x120.jpg 213w, https:\/\/partycypacjaobywatelska.pl\/przestrzen\/wp-content\/uploads\/sites\/9\/2017\/08\/mragowo_piknik_6.jpg 1632w\" sizes=\"(max-width: 300px) 100vw, 300px\" \/><\/a>\n\t\t\t<\/div><\/figure><figure class='gallery-item'>\n\t\t\t<div class='gallery-icon landscape'>\n\t\t\t\t<a href='https:\/\/partycypacjaobywatelska.pl\/przestrzen\/wp-content\/uploads\/sites\/9\/2017\/08\/mragowo_piknik_7.jpg'><img width=\"300\" height=\"169\" src=\"https:\/\/partycypacjaobywatelska.pl\/przestrzen\/wp-content\/uploads\/sites\/9\/2017\/08\/mragowo_piknik_7-300x169.jpg\" class=\"attachment-medium size-medium\" alt=\"\" loading=\"lazy\" srcset=\"https:\/\/partycypacjaobywatelska.pl\/przestrzen\/wp-content\/uploads\/sites\/9\/2017\/08\/mragowo_piknik_7-300x169.jpg 300w, https:\/\/partycypacjaobywatelska.pl\/przestrzen\/wp-content\/uploads\/sites\/9\/2017\/08\/mragowo_piknik_7-1024x576.jpg 1024w, https:\/\/partycypacjaobywatelska.pl\/przestrzen\/wp-content\/uploads\/sites\/9\/2017\/08\/mragowo_piknik_7-400x225.jpg 400w, https:\/\/partycypacjaobywatelska.pl\/przestrzen\/wp-content\/uploads\/sites\/9\/2017\/08\/mragowo_piknik_7-213x120.jpg 213w, https:\/\/partycypacjaobywatelska.pl\/przestrzen\/wp-content\/uploads\/sites\/9\/2017\/08\/mragowo_piknik_7.jpg 1632w\" sizes=\"(max-width: 300px) 100vw, 300px\" \/><\/a>\n\t\t\t<\/div><\/figure><figure class='gallery-item'>\n\t\t\t<div class='gallery-icon landscape'>\n\t\t\t\t<a href='https:\/\/partycypacjaobywatelska.pl\/przestrzen\/wp-content\/uploads\/sites\/9\/2017\/08\/mragowo_piknik_4.jpg'><img width=\"300\" height=\"169\" src=\"https:\/\/partycypacjaobywatelska.pl\/przestrzen\/wp-content\/uploads\/sites\/9\/2017\/08\/mragowo_piknik_4-300x169.jpg\" class=\"attachment-medium size-medium\" alt=\"\" loading=\"lazy\" srcset=\"https:\/\/partycypacjaobywatelska.pl\/przestrzen\/wp-content\/uploads\/sites\/9\/2017\/08\/mragowo_piknik_4-300x169.jpg 300w, https:\/\/partycypacjaobywatelska.pl\/przestrzen\/wp-content\/uploads\/sites\/9\/2017\/08\/mragowo_piknik_4-1024x576.jpg 1024w, https:\/\/partycypacjaobywatelska.pl\/przestrzen\/wp-content\/uploads\/sites\/9\/2017\/08\/mragowo_piknik_4-400x225.jpg 400w, https:\/\/partycypacjaobywatelska.pl\/przestrzen\/wp-content\/uploads\/sites\/9\/2017\/08\/mragowo_piknik_4-213x120.jpg 213w, https:\/\/partycypacjaobywatelska.pl\/przestrzen\/wp-content\/uploads\/sites\/9\/2017\/08\/mragowo_piknik_4.jpg 1632w\" sizes=\"(max-width: 300px) 100vw, 300px\" \/><\/a>\n\t\t\t<\/div><\/figure>\n\t\t<\/div>\n\n<p>\u0179r\u00f3d\u0142o informacji:\u00a0<a href=\"http:\/\/www.mragowo.pl\/pl\/aktualnosci\/4861-planowalismy-mragowo-podczas-pikniku-country\" target=\"_blank\">http:\/\/www.mragowo.pl\/<\/a>.<\/p>\n","protected":false},"excerpt":{"rendered":"<p>Pod koniec lipca w Mr\u0105gowie, podczas 36. Pikniku Country, odby\u0142o si\u0119 kolejne wydarzenie w ramach konsultacji zmian w planie zagospodarowania przestrzennego cz\u0119\u015bci miasta. W punkcie\u00a0konsultacyjnym mo\u017cna by\u0142o m.in. obejrze\u0107\u00a0plany miejscowe oraz porozmawia\u0107 z architektk\u0105 odpowiadaj\u0105c\u0105 za ich przygotowanie. Stoisko odwiedzali\u00a0nie tylko mieszka\u0144cy, lecz tak\u017ce tury\u015bci\u00a0uczestnicz\u0105cy w Pikniku. W trakcie rozm\u00f3w cz\u0119sto\u00a0wskazywali na potrzeb\u0119 zachowania zieleni &hellip;<\/p>\n<a href=\"https:\/\/partycypacjaobywatelska.pl\/przestrzen\/2017\/08\/03\/konsultacje-w-rytmie-country\/\" class=\"ReadMore\">Czytaj wi\u0119cej<\/a>","protected":false},"author":141,"featured_media":959,"comment_status":"closed","ping_status":"closed","sticky":false,"template":"","format":"standard","meta":[],"categories":[31],"tags":[34],"_links":{"self":[{"href":"https:\/\/partycypacjaobywatelska.pl\/przestrzen\/wp-json\/wp\/v2\/posts\/955"}],"collection":[{"href":"https:\/\/partycypacjaobywatelska.pl\/przestrzen\/wp-json\/wp\/v2\/posts"}],"about":[{"href":"https:\/\/partycypacjaobywatelska.pl\/przestrzen\/wp-json\/wp\/v2\/types\/post"}],"author":[{"embeddable":true,"href":"https:\/\/partycypacjaobywatelska.pl\/przestrzen\/wp-json\/wp\/v2\/users\/141"}],"replies":[{"embeddable":true,"href":"https:\/\/partycypacjaobywatelska.pl\/przestrzen\/wp-json\/wp\/v2\/comments?post=955"}],"version-history":[{"count":7,"href":"https:\/\/partycypacjaobywatelska.pl\/przestrzen\/wp-json\/wp\/v2\/posts\/955\/revisions"}],"predecessor-version":[{"id":969,"href":"https:\/\/partycypacjaobywatelska.pl\/przestrzen\/wp-json\/wp\/v2\/posts\/955\/revisions\/969"}],"wp:featuredmedia":[{"embeddable":true,"href":"https:\/\/partycypacjaobywatelska.pl\/przestrzen\/wp-json\/wp\/v2\/media\/959"}],"wp:attachment":[{"href":"https:\/\/partycypacjaobywatelska.pl\/przestrzen\/wp-json\/wp\/v2\/media?parent=955"}],"wp:term":[{"taxonomy":"category","embeddable":true,"href":"https:\/\/partycypacjaobywatelska.pl\/przestrzen\/wp-json\/wp\/v2\/categories?post=955"},{"taxonomy":"post_tag","embeddable":true,"href":"https:\/\/partycypacjaobywatelska.pl\/przestrzen\/wp-json\/wp\/v2\/tags?post=955"}],"curies":[{"name":"wp","href":"https:\/\/api.w.org\/{rel}","templated":true}]}}