
{"id":931,"date":"2017-06-08T14:18:44","date_gmt":"2017-06-08T12:18:44","guid":{"rendered":"http:\/\/partycypacjaobywatelska.pl\/przestrzen\/?p=931"},"modified":"2017-07-24T17:33:04","modified_gmt":"2017-07-24T15:33:04","slug":"kornik-rozpoczal-konsultacje-studium","status":"publish","type":"post","link":"https:\/\/partycypacjaobywatelska.pl\/przestrzen\/2017\/06\/08\/kornik-rozpoczal-konsultacje-studium\/","title":{"rendered":"K\u00f3rnik rozpocz\u0105\u0142 konsultacje studium"},"content":{"rendered":"<p class=\"lead\">Na pocz\u0105tku czerwca w K\u00f3rniku odby\u0142o si\u0119 pierwsze spotkanie konsultacyjne dotycz\u0105ce zmiany studium uwarunkowa\u0144 i kierunk\u00f3w zagospodarowania przestrzennego cz\u0119\u015bci gminy. W spotkaniu wzi\u0119\u0142o udzia\u0142 ponad sto os\u00f3b.<\/p>\n<p>Podczas spotkania dyskutowano m.in. o istniej\u0105cym stanie zagospodarowania przestrzennego, zdiagnozowanych problemach oraz planach na rozw\u00f3j gminy. Pracownicy urz\u0119du zach\u0119cali te\u017c do sk\u0142adania formalnych wniosk\u00f3w.<\/p>\n<p>Zg\u0142oszone przez uczestnik\u00f3w\u00a0spotkania uwagi i wnioski b\u0119d\u0105 podlega\u0142y dalszej analizie urz\u0119dnik\u00f3w i urbanist\u00f3w przygotowuj\u0105cych projekt zmiany studium. Kolejne konsultacje b\u0119d\u0105 po\u0142\u0105czone z dyskusj\u0105 nad rozwi\u0105zaniami przyj\u0119tymi w projekcie zmiany studium.<\/p>\n<p>Informacje o trwaj\u0105cych konsultacjach, w tym materia\u0142y z ju\u017c odbytych spotka\u0144,\u00a0s\u0105 dost\u0119pne na <a href=\"http:\/\/kornik.pl\/miasto\/Konsultacje_spoleczne_\/\" target=\"_blank\">stronie internetowej urz\u0119du<\/a>.<\/p>\n<div id='gallery-1' class='gallery galleryid-931 gallery-columns-3 gallery-size-medium'><figure class='gallery-item'>\n\t\t\t<div class='gallery-icon landscape'>\n\t\t\t\t<a href='https:\/\/partycypacjaobywatelska.pl\/przestrzen\/wp-content\/uploads\/sites\/9\/2017\/06\/kornik_pierwsze-konsultacje_2.jpg'><img width=\"300\" height=\"169\" src=\"https:\/\/partycypacjaobywatelska.pl\/przestrzen\/wp-content\/uploads\/sites\/9\/2017\/06\/kornik_pierwsze-konsultacje_2-300x169.jpg\" class=\"attachment-medium size-medium\" alt=\"\" loading=\"lazy\" aria-describedby=\"gallery-1-937\" srcset=\"https:\/\/partycypacjaobywatelska.pl\/przestrzen\/wp-content\/uploads\/sites\/9\/2017\/06\/kornik_pierwsze-konsultacje_2-300x169.jpg 300w, https:\/\/partycypacjaobywatelska.pl\/przestrzen\/wp-content\/uploads\/sites\/9\/2017\/06\/kornik_pierwsze-konsultacje_2-1024x575.jpg 1024w, https:\/\/partycypacjaobywatelska.pl\/przestrzen\/wp-content\/uploads\/sites\/9\/2017\/06\/kornik_pierwsze-konsultacje_2-400x225.jpg 400w, https:\/\/partycypacjaobywatelska.pl\/przestrzen\/wp-content\/uploads\/sites\/9\/2017\/06\/kornik_pierwsze-konsultacje_2-214x120.jpg 214w\" sizes=\"(max-width: 300px) 100vw, 300px\" \/><\/a>\n\t\t\t<\/div>\n\t\t\t\t<figcaption class='wp-caption-text gallery-caption' id='gallery-1-937'>\n\t\t\t\tFot. Urz\u0105d Miasta i Gminy K\u00f3rnik\n\t\t\t\t<\/figcaption><\/figure><figure class='gallery-item'>\n\t\t\t<div class='gallery-icon landscape'>\n\t\t\t\t<a href='https:\/\/partycypacjaobywatelska.pl\/przestrzen\/wp-content\/uploads\/sites\/9\/2017\/06\/kornik_pierwsze-kosultacje.jpg'><img width=\"300\" height=\"169\" src=\"https:\/\/partycypacjaobywatelska.pl\/przestrzen\/wp-content\/uploads\/sites\/9\/2017\/06\/kornik_pierwsze-kosultacje-300x169.jpg\" class=\"attachment-medium size-medium\" alt=\"\" loading=\"lazy\" aria-describedby=\"gallery-1-933\" srcset=\"https:\/\/partycypacjaobywatelska.pl\/przestrzen\/wp-content\/uploads\/sites\/9\/2017\/06\/kornik_pierwsze-kosultacje-300x169.jpg 300w, https:\/\/partycypacjaobywatelska.pl\/przestrzen\/wp-content\/uploads\/sites\/9\/2017\/06\/kornik_pierwsze-kosultacje-1024x575.jpg 1024w, https:\/\/partycypacjaobywatelska.pl\/przestrzen\/wp-content\/uploads\/sites\/9\/2017\/06\/kornik_pierwsze-kosultacje-400x225.jpg 400w, https:\/\/partycypacjaobywatelska.pl\/przestrzen\/wp-content\/uploads\/sites\/9\/2017\/06\/kornik_pierwsze-kosultacje-214x120.jpg 214w\" sizes=\"(max-width: 300px) 100vw, 300px\" \/><\/a>\n\t\t\t<\/div>\n\t\t\t\t<figcaption class='wp-caption-text gallery-caption' id='gallery-1-933'>\n\t\t\t\tFot. Urz\u0105d Miasta i Gminy K\u00f3rnik\n\t\t\t\t<\/figcaption><\/figure>\n\t\t<\/div>\n\n","protected":false},"excerpt":{"rendered":"<p>Na pocz\u0105tku czerwca w K\u00f3rniku odby\u0142o si\u0119 pierwsze spotkanie konsultacyjne dotycz\u0105ce zmiany studium uwarunkowa\u0144 i kierunk\u00f3w zagospodarowania przestrzennego cz\u0119\u015bci gminy. W spotkaniu wzi\u0119\u0142o udzia\u0142 ponad sto os\u00f3b. Podczas spotkania dyskutowano m.in. o istniej\u0105cym stanie zagospodarowania przestrzennego, zdiagnozowanych problemach oraz planach na rozw\u00f3j gminy. Pracownicy urz\u0119du zach\u0119cali te\u017c do sk\u0142adania formalnych wniosk\u00f3w. Zg\u0142oszone przez uczestnik\u00f3w\u00a0spotkania uwagi &hellip;<\/p>\n<a href=\"https:\/\/partycypacjaobywatelska.pl\/przestrzen\/2017\/06\/08\/kornik-rozpoczal-konsultacje-studium\/\" class=\"ReadMore\">Czytaj wi\u0119cej<\/a>","protected":false},"author":141,"featured_media":933,"comment_status":"closed","ping_status":"closed","sticky":false,"template":"","format":"standard","meta":[],"categories":[31],"tags":[36],"_links":{"self":[{"href":"https:\/\/partycypacjaobywatelska.pl\/przestrzen\/wp-json\/wp\/v2\/posts\/931"}],"collection":[{"href":"https:\/\/partycypacjaobywatelska.pl\/przestrzen\/wp-json\/wp\/v2\/posts"}],"about":[{"href":"https:\/\/partycypacjaobywatelska.pl\/przestrzen\/wp-json\/wp\/v2\/types\/post"}],"author":[{"embeddable":true,"href":"https:\/\/partycypacjaobywatelska.pl\/przestrzen\/wp-json\/wp\/v2\/users\/141"}],"replies":[{"embeddable":true,"href":"https:\/\/partycypacjaobywatelska.pl\/przestrzen\/wp-json\/wp\/v2\/comments?post=931"}],"version-history":[{"count":7,"href":"https:\/\/partycypacjaobywatelska.pl\/przestrzen\/wp-json\/wp\/v2\/posts\/931\/revisions"}],"predecessor-version":[{"id":945,"href":"https:\/\/partycypacjaobywatelska.pl\/przestrzen\/wp-json\/wp\/v2\/posts\/931\/revisions\/945"}],"wp:featuredmedia":[{"embeddable":true,"href":"https:\/\/partycypacjaobywatelska.pl\/przestrzen\/wp-json\/wp\/v2\/media\/933"}],"wp:attachment":[{"href":"https:\/\/partycypacjaobywatelska.pl\/przestrzen\/wp-json\/wp\/v2\/media?parent=931"}],"wp:term":[{"taxonomy":"category","embeddable":true,"href":"https:\/\/partycypacjaobywatelska.pl\/przestrzen\/wp-json\/wp\/v2\/categories?post=931"},{"taxonomy":"post_tag","embeddable":true,"href":"https:\/\/partycypacjaobywatelska.pl\/przestrzen\/wp-json\/wp\/v2\/tags?post=931"}],"curies":[{"name":"wp","href":"https:\/\/api.w.org\/{rel}","templated":true}]}}