
{"id":893,"date":"2017-06-30T15:00:05","date_gmt":"2017-06-30T13:00:05","guid":{"rendered":"http:\/\/partycypacjaobywatelska.pl\/przestrzen\/?p=893"},"modified":"2017-12-20T11:47:48","modified_gmt":"2017-12-20T10:47:48","slug":"warsztaty-konsultacyjne-z-mieszkancami-wolomina","status":"publish","type":"post","link":"https:\/\/partycypacjaobywatelska.pl\/przestrzen\/2017\/06\/30\/warsztaty-konsultacyjne-z-mieszkancami-wolomina\/","title":{"rendered":"Warsztaty konsultacyjne z mieszka\u0144cami Wo\u0142omina"},"content":{"rendered":"<p class=\"lead\">Wo\u0142omi\u0144scy urz\u0119dnicy przez ca\u0142y czerwiec konsultowali z mieszka\u0144cami miejscowy plan zagospodarowania przestrzennego centrum miejscowo\u015bci. W urz\u0119dzie miasta\u00a0i miejskiej bibliotece odby\u0142o si\u0119 kilka warsztat\u00f3w, w ramach\u00a0kt\u00f3rych wsp\u00f3lnie ustalano\u00a0wizj\u0119 centrum. Ich celem by\u0142o\u00a0wypracowanie wytycznych\u00a0dla\u00a0projektanta planu.<\/p>\n<p>Wcze\u015bniej, przy okazji\u00a0r\u00f3\u017cnych spotka\u0144 pracownicy urz\u0119du miasta zbierali opinie mieszka\u0144c\u00f3w w formie ankiety. Ankieta jest tak\u017ce dost\u0119pna w wersji on-line (<a href=\"http:\/\/www.ankietaplus.pl\/s\/63715SNZ\" target=\"_blank\">link<\/a>).<\/p>\n<div id='gallery-1' class='gallery galleryid-893 gallery-columns-3 gallery-size-medium'><figure class='gallery-item'>\n\t\t\t<div class='gallery-icon landscape'>\n\t\t\t\t<img width=\"300\" height=\"199\" src=\"https:\/\/partycypacjaobywatelska.pl\/przestrzen\/wp-content\/uploads\/sites\/9\/2017\/07\/wolomin_1-300x199.jpg\" class=\"attachment-medium size-medium\" alt=\"\" loading=\"lazy\" aria-describedby=\"gallery-1-899\" srcset=\"https:\/\/partycypacjaobywatelska.pl\/przestrzen\/wp-content\/uploads\/sites\/9\/2017\/07\/wolomin_1-300x199.jpg 300w, https:\/\/partycypacjaobywatelska.pl\/przestrzen\/wp-content\/uploads\/sites\/9\/2017\/07\/wolomin_1-1024x680.jpg 1024w, https:\/\/partycypacjaobywatelska.pl\/przestrzen\/wp-content\/uploads\/sites\/9\/2017\/07\/wolomin_1-181x120.jpg 181w\" sizes=\"(max-width: 300px) 100vw, 300px\" \/>\n\t\t\t<\/div>\n\t\t\t\t<figcaption class='wp-caption-text gallery-caption' id='gallery-1-899'>\n\t\t\t\tFot. UM Wo\u0142omin\n\t\t\t\t<\/figcaption><\/figure><figure class='gallery-item'>\n\t\t\t<div class='gallery-icon landscape'>\n\t\t\t\t<img width=\"300\" height=\"202\" src=\"https:\/\/partycypacjaobywatelska.pl\/przestrzen\/wp-content\/uploads\/sites\/9\/2017\/07\/wolomin_3-300x202.jpg\" class=\"attachment-medium size-medium\" alt=\"\" loading=\"lazy\" aria-describedby=\"gallery-1-900\" srcset=\"https:\/\/partycypacjaobywatelska.pl\/przestrzen\/wp-content\/uploads\/sites\/9\/2017\/07\/wolomin_3-300x202.jpg 300w, https:\/\/partycypacjaobywatelska.pl\/przestrzen\/wp-content\/uploads\/sites\/9\/2017\/07\/wolomin_3-1024x688.jpg 1024w, https:\/\/partycypacjaobywatelska.pl\/przestrzen\/wp-content\/uploads\/sites\/9\/2017\/07\/wolomin_3-179x120.jpg 179w\" sizes=\"(max-width: 300px) 100vw, 300px\" \/>\n\t\t\t<\/div>\n\t\t\t\t<figcaption class='wp-caption-text gallery-caption' id='gallery-1-900'>\n\t\t\t\tFot. UM Wo\u0142omin\n\t\t\t\t<\/figcaption><\/figure><figure class='gallery-item'>\n\t\t\t<div class='gallery-icon landscape'>\n\t\t\t\t<img width=\"300\" height=\"205\" src=\"https:\/\/partycypacjaobywatelska.pl\/przestrzen\/wp-content\/uploads\/sites\/9\/2017\/07\/wolomin_5-300x205.jpg\" class=\"attachment-medium size-medium\" alt=\"\" loading=\"lazy\" aria-describedby=\"gallery-1-902\" srcset=\"https:\/\/partycypacjaobywatelska.pl\/przestrzen\/wp-content\/uploads\/sites\/9\/2017\/07\/wolomin_5-300x205.jpg 300w, https:\/\/partycypacjaobywatelska.pl\/przestrzen\/wp-content\/uploads\/sites\/9\/2017\/07\/wolomin_5-1024x701.jpg 1024w, https:\/\/partycypacjaobywatelska.pl\/przestrzen\/wp-content\/uploads\/sites\/9\/2017\/07\/wolomin_5-175x120.jpg 175w\" sizes=\"(max-width: 300px) 100vw, 300px\" \/>\n\t\t\t<\/div>\n\t\t\t\t<figcaption class='wp-caption-text gallery-caption' id='gallery-1-902'>\n\t\t\t\tFot. UM Wo\u0142omin\n\t\t\t\t<\/figcaption><\/figure>\n\t\t<\/div>\n\n<p>Dla wszystkich zainteresowanych pracami nad zmian\u0105 planu urz\u0119dnicy przygotowali te\u017c ulotk\u0119 informuj\u0105c\u0105 o celu i harmonogramie konsultacji spo\u0142ecznych:<\/p>\n<p><img loading=\"lazy\" class=\"alignnone size-large wp-image-896\" src=\"http:\/\/partycypacjaobywatelska.pl\/przestrzen\/wp-content\/uploads\/sites\/9\/2017\/07\/wolomin_ulotka_1-1024x731.png\" alt=\"wo\u0142omin_ulotka_1\" width=\"1024\" height=\"731\" srcset=\"https:\/\/partycypacjaobywatelska.pl\/przestrzen\/wp-content\/uploads\/sites\/9\/2017\/07\/wolomin_ulotka_1-1024x731.png 1024w, https:\/\/partycypacjaobywatelska.pl\/przestrzen\/wp-content\/uploads\/sites\/9\/2017\/07\/wolomin_ulotka_1-300x214.png 300w, https:\/\/partycypacjaobywatelska.pl\/przestrzen\/wp-content\/uploads\/sites\/9\/2017\/07\/wolomin_ulotka_1-168x120.png 168w, https:\/\/partycypacjaobywatelska.pl\/przestrzen\/wp-content\/uploads\/sites\/9\/2017\/07\/wolomin_ulotka_1.png 1222w\" sizes=\"(max-width: 1024px) 100vw, 1024px\" \/> <img loading=\"lazy\" class=\"alignnone size-large wp-image-897\" src=\"http:\/\/partycypacjaobywatelska.pl\/przestrzen\/wp-content\/uploads\/sites\/9\/2017\/07\/wolomin_ulotka_2-1024x731.png\" alt=\"wo\u0142omin_ulotka_2\" width=\"1024\" height=\"731\" srcset=\"https:\/\/partycypacjaobywatelska.pl\/przestrzen\/wp-content\/uploads\/sites\/9\/2017\/07\/wolomin_ulotka_2-1024x731.png 1024w, https:\/\/partycypacjaobywatelska.pl\/przestrzen\/wp-content\/uploads\/sites\/9\/2017\/07\/wolomin_ulotka_2-300x214.png 300w, https:\/\/partycypacjaobywatelska.pl\/przestrzen\/wp-content\/uploads\/sites\/9\/2017\/07\/wolomin_ulotka_2-168x120.png 168w, https:\/\/partycypacjaobywatelska.pl\/przestrzen\/wp-content\/uploads\/sites\/9\/2017\/07\/wolomin_ulotka_2.png 1222w\" sizes=\"(max-width: 1024px) 100vw, 1024px\" \/><\/p>\n<p>Wi\u0119cej informacji: <a href=\"http:\/\/wolomin.org\/rewitalizacja-2\/\" target=\"_blank\">www.wolomin.org<\/a> oraz <a href=\"https:\/\/radiofama.com.pl\/aktualnosci\/wolominski-magistrat-konsultuje-sie-z-mieszkancami-2\" target=\"_blank\">www.radiofama.com.pl<\/a>.<\/p>\n","protected":false},"excerpt":{"rendered":"<p>Wo\u0142omi\u0144scy urz\u0119dnicy przez ca\u0142y czerwiec konsultowali z mieszka\u0144cami miejscowy plan zagospodarowania przestrzennego centrum miejscowo\u015bci. W urz\u0119dzie miasta\u00a0i miejskiej bibliotece odby\u0142o si\u0119 kilka warsztat\u00f3w, w ramach\u00a0kt\u00f3rych wsp\u00f3lnie ustalano\u00a0wizj\u0119 centrum. Ich celem by\u0142o\u00a0wypracowanie wytycznych\u00a0dla\u00a0projektanta planu. Wcze\u015bniej, przy okazji\u00a0r\u00f3\u017cnych spotka\u0144 pracownicy urz\u0119du miasta zbierali opinie mieszka\u0144c\u00f3w w formie ankiety. Ankieta jest tak\u017ce dost\u0119pna w wersji on-line (link). Dla &hellip;<\/p>\n<a href=\"https:\/\/partycypacjaobywatelska.pl\/przestrzen\/2017\/06\/30\/warsztaty-konsultacyjne-z-mieszkancami-wolomina\/\" class=\"ReadMore\">Czytaj wi\u0119cej<\/a>","protected":false},"author":141,"featured_media":902,"comment_status":"closed","ping_status":"closed","sticky":false,"template":"","format":"standard","meta":[],"categories":[31],"tags":[35],"_links":{"self":[{"href":"https:\/\/partycypacjaobywatelska.pl\/przestrzen\/wp-json\/wp\/v2\/posts\/893"}],"collection":[{"href":"https:\/\/partycypacjaobywatelska.pl\/przestrzen\/wp-json\/wp\/v2\/posts"}],"about":[{"href":"https:\/\/partycypacjaobywatelska.pl\/przestrzen\/wp-json\/wp\/v2\/types\/post"}],"author":[{"embeddable":true,"href":"https:\/\/partycypacjaobywatelska.pl\/przestrzen\/wp-json\/wp\/v2\/users\/141"}],"replies":[{"embeddable":true,"href":"https:\/\/partycypacjaobywatelska.pl\/przestrzen\/wp-json\/wp\/v2\/comments?post=893"}],"version-history":[{"count":12,"href":"https:\/\/partycypacjaobywatelska.pl\/przestrzen\/wp-json\/wp\/v2\/posts\/893\/revisions"}],"predecessor-version":[{"id":1567,"href":"https:\/\/partycypacjaobywatelska.pl\/przestrzen\/wp-json\/wp\/v2\/posts\/893\/revisions\/1567"}],"wp:featuredmedia":[{"embeddable":true,"href":"https:\/\/partycypacjaobywatelska.pl\/przestrzen\/wp-json\/wp\/v2\/media\/902"}],"wp:attachment":[{"href":"https:\/\/partycypacjaobywatelska.pl\/przestrzen\/wp-json\/wp\/v2\/media?parent=893"}],"wp:term":[{"taxonomy":"category","embeddable":true,"href":"https:\/\/partycypacjaobywatelska.pl\/przestrzen\/wp-json\/wp\/v2\/categories?post=893"},{"taxonomy":"post_tag","embeddable":true,"href":"https:\/\/partycypacjaobywatelska.pl\/przestrzen\/wp-json\/wp\/v2\/tags?post=893"}],"curies":[{"name":"wp","href":"https:\/\/api.w.org\/{rel}","templated":true}]}}