
{"id":831,"date":"2017-06-16T14:27:41","date_gmt":"2017-06-16T12:27:41","guid":{"rendered":"http:\/\/partycypacjaobywatelska.pl\/przestrzen\/?p=831"},"modified":"2017-06-16T14:36:20","modified_gmt":"2017-06-16T12:36:20","slug":"start-konsultacji-w-rybniku","status":"publish","type":"post","link":"https:\/\/partycypacjaobywatelska.pl\/przestrzen\/2017\/06\/16\/start-konsultacji-w-rybniku\/","title":{"rendered":"Start konsultacji w Rybniku"},"content":{"rendered":"<p class=\"lead\">W Rybniku wystartowa\u0142y konsultacje spo\u0142eczne dotycz\u0105ce planu miejscowego dla dzielnicy Zamys\u0142\u00f3w. Urz\u0119dnicy stworzyli mieszka\u0144com\u00a0r\u00f3\u017cne mo\u017cliwo\u015bci dzielenia si\u0119 swoimi opiniami.<\/p>\n<p>W czerwcu na terenie dzielnicy zorganizowane zostan\u0105 trzy punkty konsultacyjne, w kt\u00f3rych ka\u017cdy b\u0119dzie m\u00f3g\u0142 zada\u0107 pytanie i porozmawia\u0107 z pracownikami Miejskiej Pracowni Urbanistycznej na temat tworzonego planu miejscowego.<\/p>\n<p>Dodatkowo do ko\u0144ca czerwca mieszka\u0144cy b\u0119d\u0105 mogli\u00a0wype\u0142ni\u0107 ankiet\u0119 internetow\u0105 (dost\u0119pn\u0105\u00a0<a href=\"http:\/\/profitest.pl\/s\/10787\/M7yhLkraRBruZNtg\" target=\"_blank\">tutaj<\/a>), a w lipcu wzi\u0105\u0107 udzia\u0142 w spotkaniu informacyjnym po\u0142\u0105czonym z warsztatami projektowymi. W ramach warsztat\u00f3w mieszka\u0144cy b\u0119d\u0105 mieli mo\u017cliwo\u015b\u0107 wypracowania rozwi\u0105za\u0144 przestrzennych, bazuj\u0105c na informacjach zgromadzonych na wcze\u015bniejszych etapach konsultacji.<\/p>\n<p>Dla wszystkich zainteresowanych procesem konsultacji planu miejscowego dla dzielnicy Zamys\u0142\u00f3w miejscy urz\u0119dnicy przygotowali te\u017c\u00a0<a href=\"https:\/\/www.rybnik.eu\/__files\/folder_mpzp.pdf\">przewodnik o planowaniu miejscowym<\/a> oraz us\u0142ug\u0119 SMS-ow\u0105, dzi\u0119ki kt\u00f3rej mieszka\u0144cy b\u0119d\u0105 otrzymywa\u0107 aktualne informacje.<\/p>\n<p>\u0179r\u00f3d\u0142o informacji:\u00a0<a href=\"https:\/\/www.rybnik.eu\/index.php?id=223&amp;p=news,11,show,9731\">https:\/\/www.rybnik.eu\/<\/a>.<\/p>\n<p>&nbsp;<\/p>\n<p>&nbsp;<\/p>\n","protected":false},"excerpt":{"rendered":"<p>W Rybniku wystartowa\u0142y konsultacje spo\u0142eczne dotycz\u0105ce planu miejscowego dla dzielnicy Zamys\u0142\u00f3w. Urz\u0119dnicy stworzyli mieszka\u0144com\u00a0r\u00f3\u017cne mo\u017cliwo\u015bci dzielenia si\u0119 swoimi opiniami. W czerwcu na terenie dzielnicy zorganizowane zostan\u0105 trzy punkty konsultacyjne, w kt\u00f3rych ka\u017cdy b\u0119dzie m\u00f3g\u0142 zada\u0107 pytanie i porozmawia\u0107 z pracownikami Miejskiej Pracowni Urbanistycznej na temat tworzonego planu miejscowego. Dodatkowo do ko\u0144ca czerwca mieszka\u0144cy b\u0119d\u0105 mogli\u00a0wype\u0142ni\u0107 &hellip;<\/p>\n<a href=\"https:\/\/partycypacjaobywatelska.pl\/przestrzen\/2017\/06\/16\/start-konsultacji-w-rybniku\/\" class=\"ReadMore\">Czytaj wi\u0119cej<\/a>","protected":false},"author":141,"featured_media":840,"comment_status":"closed","ping_status":"closed","sticky":false,"template":"","format":"standard","meta":[],"categories":[31],"tags":[33],"_links":{"self":[{"href":"https:\/\/partycypacjaobywatelska.pl\/przestrzen\/wp-json\/wp\/v2\/posts\/831"}],"collection":[{"href":"https:\/\/partycypacjaobywatelska.pl\/przestrzen\/wp-json\/wp\/v2\/posts"}],"about":[{"href":"https:\/\/partycypacjaobywatelska.pl\/przestrzen\/wp-json\/wp\/v2\/types\/post"}],"author":[{"embeddable":true,"href":"https:\/\/partycypacjaobywatelska.pl\/przestrzen\/wp-json\/wp\/v2\/users\/141"}],"replies":[{"embeddable":true,"href":"https:\/\/partycypacjaobywatelska.pl\/przestrzen\/wp-json\/wp\/v2\/comments?post=831"}],"version-history":[{"count":6,"href":"https:\/\/partycypacjaobywatelska.pl\/przestrzen\/wp-json\/wp\/v2\/posts\/831\/revisions"}],"predecessor-version":[{"id":841,"href":"https:\/\/partycypacjaobywatelska.pl\/przestrzen\/wp-json\/wp\/v2\/posts\/831\/revisions\/841"}],"wp:featuredmedia":[{"embeddable":true,"href":"https:\/\/partycypacjaobywatelska.pl\/przestrzen\/wp-json\/wp\/v2\/media\/840"}],"wp:attachment":[{"href":"https:\/\/partycypacjaobywatelska.pl\/przestrzen\/wp-json\/wp\/v2\/media?parent=831"}],"wp:term":[{"taxonomy":"category","embeddable":true,"href":"https:\/\/partycypacjaobywatelska.pl\/przestrzen\/wp-json\/wp\/v2\/categories?post=831"},{"taxonomy":"post_tag","embeddable":true,"href":"https:\/\/partycypacjaobywatelska.pl\/przestrzen\/wp-json\/wp\/v2\/tags?post=831"}],"curies":[{"name":"wp","href":"https:\/\/api.w.org\/{rel}","templated":true}]}}