
{"id":516,"date":"2017-04-10T17:36:47","date_gmt":"2017-04-10T15:36:47","guid":{"rendered":"http:\/\/partycypacjaobywatelska.pl\/przestrzen\/?p=516"},"modified":"2017-04-18T11:14:30","modified_gmt":"2017-04-18T09:14:30","slug":"spotkanie-sieciujace-dla-gmin-zgloszonych-w-ramach-ii-naboru","status":"publish","type":"post","link":"https:\/\/partycypacjaobywatelska.pl\/przestrzen\/2017\/04\/10\/spotkanie-sieciujace-dla-gmin-zgloszonych-w-ramach-ii-naboru\/","title":{"rendered":"Spotkanie sieciuj\u0105ce dla gmin zg\u0142oszonych w ramach II naboru"},"content":{"rendered":"<p>10 kwietnia 2017 r. odby\u0142o si\u0119 kolejne spotkanie sieciuj\u0105ce &#8211; tym razem dla gmin, kt\u00f3re zg\u0142osi\u0142y si\u0119 do projektu w ramach II naboru. Przedstawiciele Brzezin, Czerwonaka, Gorzowa Wielkopolskiego, Miko\u0142ajek Pomorskich, Mr\u0105gowa, Okonka, Piaseczna i Warszawy mieli okazj\u0119 si\u0119 pozna\u0107, opowiedzie\u0107 o stoj\u0105cych przed ich gminami wyzwaniach planistycznych, a tak\u017ce zacz\u0105\u0107 planowa\u0107 konsultacje pod okiem Krzysztofa \u015alebiody z Pracowni Zr\u00f3wnowa\u017conego Rozwoju i Ani Kar\u0142owskiej z Fundacji Napraw Sobie Miasto. W spotkaniu wzi\u0105\u0142 te\u017c udzia\u0142 pan<span class=\"text_exposed_show\"> Wojciech Wr\u00f3blewski z Ministerstwa Rozwoju, kt\u00f3ry przedstawi\u0142 powody, dla kt\u00f3rych Ministerstwo zdecydowa\u0142o si\u0119 wspiera\u0107 gminy w partycypacyjnym planowaniu przestrzeni oraz Ludwika Ignatowicz, kt\u00f3ra podzieli\u0142a si\u0119 do\u015bwiadczeniami z tego rodzaju dzia\u0142a\u0144.\u00a0<\/span><\/p>\n<p><span class=\"text_exposed_show\">Przy okazji przypominamy, \u017ce mo\u017cemy jeszcze przyj\u0105\u0107 kilka gmin do projektu! Szczeg\u00f3\u0142y w zak\u0142adce <a href=\"http:\/\/partycypacjaobywatelska.pl\/przestrzen\/zglos-sie\/\">&#8222;Zg\u0142o\u015b si\u0119&#8221;<\/a>.<\/span><\/p>\n<div id='gallery-1' class='gallery galleryid-516 gallery-columns-3 gallery-size-thumbnail'><figure class='gallery-item'>\n\t\t\t<div class='gallery-icon landscape'>\n\t\t\t\t<a href='https:\/\/partycypacjaobywatelska.pl\/przestrzen\/wp-content\/uploads\/sites\/9\/2017\/04\/power_spotkanie_sieciujace-2.jpg'><img width=\"150\" height=\"150\" src=\"https:\/\/partycypacjaobywatelska.pl\/przestrzen\/wp-content\/uploads\/sites\/9\/2017\/04\/power_spotkanie_sieciujace-2-150x150.jpg\" class=\"attachment-thumbnail size-thumbnail\" alt=\"\" loading=\"lazy\" \/><\/a>\n\t\t\t<\/div><\/figure><figure class='gallery-item'>\n\t\t\t<div class='gallery-icon landscape'>\n\t\t\t\t<a href='https:\/\/partycypacjaobywatelska.pl\/przestrzen\/wp-content\/uploads\/sites\/9\/2017\/04\/power_spotkanie_sieciujace-3.jpg'><img width=\"150\" height=\"150\" src=\"https:\/\/partycypacjaobywatelska.pl\/przestrzen\/wp-content\/uploads\/sites\/9\/2017\/04\/power_spotkanie_sieciujace-3-150x150.jpg\" class=\"attachment-thumbnail size-thumbnail\" alt=\"\" loading=\"lazy\" \/><\/a>\n\t\t\t<\/div><\/figure><figure class='gallery-item'>\n\t\t\t<div class='gallery-icon landscape'>\n\t\t\t\t<a href='https:\/\/partycypacjaobywatelska.pl\/przestrzen\/wp-content\/uploads\/sites\/9\/2017\/04\/power_spotkanie_sieciujace-6.jpg'><img width=\"150\" height=\"150\" src=\"https:\/\/partycypacjaobywatelska.pl\/przestrzen\/wp-content\/uploads\/sites\/9\/2017\/04\/power_spotkanie_sieciujace-6-150x150.jpg\" class=\"attachment-thumbnail size-thumbnail\" alt=\"\" loading=\"lazy\" \/><\/a>\n\t\t\t<\/div><\/figure><figure class='gallery-item'>\n\t\t\t<div class='gallery-icon landscape'>\n\t\t\t\t<a href='https:\/\/partycypacjaobywatelska.pl\/przestrzen\/wp-content\/uploads\/sites\/9\/2017\/04\/power_spotkanie_sieciujace-15.jpg'><img width=\"150\" height=\"150\" src=\"https:\/\/partycypacjaobywatelska.pl\/przestrzen\/wp-content\/uploads\/sites\/9\/2017\/04\/power_spotkanie_sieciujace-15-150x150.jpg\" class=\"attachment-thumbnail size-thumbnail\" alt=\"\" loading=\"lazy\" \/><\/a>\n\t\t\t<\/div><\/figure><figure class='gallery-item'>\n\t\t\t<div class='gallery-icon landscape'>\n\t\t\t\t<a href='https:\/\/partycypacjaobywatelska.pl\/przestrzen\/wp-content\/uploads\/sites\/9\/2017\/04\/power_spotkanie_sieciujace-19.jpg'><img width=\"150\" height=\"150\" src=\"https:\/\/partycypacjaobywatelska.pl\/przestrzen\/wp-content\/uploads\/sites\/9\/2017\/04\/power_spotkanie_sieciujace-19-150x150.jpg\" class=\"attachment-thumbnail size-thumbnail\" alt=\"\" loading=\"lazy\" \/><\/a>\n\t\t\t<\/div><\/figure><figure class='gallery-item'>\n\t\t\t<div class='gallery-icon landscape'>\n\t\t\t\t<a href='https:\/\/partycypacjaobywatelska.pl\/przestrzen\/wp-content\/uploads\/sites\/9\/2017\/04\/power_spotkanie_sieciujace-22.jpg'><img width=\"150\" height=\"150\" src=\"https:\/\/partycypacjaobywatelska.pl\/przestrzen\/wp-content\/uploads\/sites\/9\/2017\/04\/power_spotkanie_sieciujace-22-150x150.jpg\" class=\"attachment-thumbnail size-thumbnail\" alt=\"\" loading=\"lazy\" \/><\/a>\n\t\t\t<\/div><\/figure><figure class='gallery-item'>\n\t\t\t<div class='gallery-icon landscape'>\n\t\t\t\t<a href='https:\/\/partycypacjaobywatelska.pl\/przestrzen\/wp-content\/uploads\/sites\/9\/2017\/04\/power_spotkanie_sieciujace-26.jpg'><img width=\"150\" height=\"150\" src=\"https:\/\/partycypacjaobywatelska.pl\/przestrzen\/wp-content\/uploads\/sites\/9\/2017\/04\/power_spotkanie_sieciujace-26-150x150.jpg\" class=\"attachment-thumbnail size-thumbnail\" alt=\"\" loading=\"lazy\" \/><\/a>\n\t\t\t<\/div><\/figure><figure class='gallery-item'>\n\t\t\t<div class='gallery-icon landscape'>\n\t\t\t\t<a href='https:\/\/partycypacjaobywatelska.pl\/przestrzen\/wp-content\/uploads\/sites\/9\/2017\/04\/power_spotkanie_sieciujace-27.jpg'><img width=\"150\" height=\"150\" src=\"https:\/\/partycypacjaobywatelska.pl\/przestrzen\/wp-content\/uploads\/sites\/9\/2017\/04\/power_spotkanie_sieciujace-27-150x150.jpg\" class=\"attachment-thumbnail size-thumbnail\" alt=\"\" loading=\"lazy\" \/><\/a>\n\t\t\t<\/div><\/figure><figure class='gallery-item'>\n\t\t\t<div class='gallery-icon landscape'>\n\t\t\t\t<a href='https:\/\/partycypacjaobywatelska.pl\/przestrzen\/wp-content\/uploads\/sites\/9\/2017\/04\/power_spotkanie_sieciujace-31.jpg'><img width=\"150\" height=\"150\" src=\"https:\/\/partycypacjaobywatelska.pl\/przestrzen\/wp-content\/uploads\/sites\/9\/2017\/04\/power_spotkanie_sieciujace-31-150x150.jpg\" class=\"attachment-thumbnail size-thumbnail\" alt=\"\" loading=\"lazy\" \/><\/a>\n\t\t\t<\/div><\/figure><figure class='gallery-item'>\n\t\t\t<div class='gallery-icon landscape'>\n\t\t\t\t<a href='https:\/\/partycypacjaobywatelska.pl\/przestrzen\/wp-content\/uploads\/sites\/9\/2017\/04\/power_spotkanie_sieciujace-32.jpg'><img width=\"150\" height=\"150\" src=\"https:\/\/partycypacjaobywatelska.pl\/przestrzen\/wp-content\/uploads\/sites\/9\/2017\/04\/power_spotkanie_sieciujace-32-150x150.jpg\" class=\"attachment-thumbnail size-thumbnail\" alt=\"\" loading=\"lazy\" \/><\/a>\n\t\t\t<\/div><\/figure><figure class='gallery-item'>\n\t\t\t<div class='gallery-icon landscape'>\n\t\t\t\t<a href='https:\/\/partycypacjaobywatelska.pl\/przestrzen\/wp-content\/uploads\/sites\/9\/2017\/04\/power_spotkanie_sieciujace-33.jpg'><img width=\"150\" height=\"150\" src=\"https:\/\/partycypacjaobywatelska.pl\/przestrzen\/wp-content\/uploads\/sites\/9\/2017\/04\/power_spotkanie_sieciujace-33-150x150.jpg\" class=\"attachment-thumbnail size-thumbnail\" alt=\"\" loading=\"lazy\" \/><\/a>\n\t\t\t<\/div><\/figure><figure class='gallery-item'>\n\t\t\t<div class='gallery-icon landscape'>\n\t\t\t\t<a href='https:\/\/partycypacjaobywatelska.pl\/przestrzen\/wp-content\/uploads\/sites\/9\/2017\/04\/power_spotkanie_sieciujace-34.jpg'><img width=\"150\" height=\"150\" src=\"https:\/\/partycypacjaobywatelska.pl\/przestrzen\/wp-content\/uploads\/sites\/9\/2017\/04\/power_spotkanie_sieciujace-34-150x150.jpg\" class=\"attachment-thumbnail size-thumbnail\" alt=\"\" loading=\"lazy\" \/><\/a>\n\t\t\t<\/div><\/figure><figure class='gallery-item'>\n\t\t\t<div class='gallery-icon landscape'>\n\t\t\t\t<a href='https:\/\/partycypacjaobywatelska.pl\/przestrzen\/wp-content\/uploads\/sites\/9\/2017\/04\/power_spotkanie_sieciujace-40.jpg'><img width=\"150\" height=\"150\" src=\"https:\/\/partycypacjaobywatelska.pl\/przestrzen\/wp-content\/uploads\/sites\/9\/2017\/04\/power_spotkanie_sieciujace-40-150x150.jpg\" class=\"attachment-thumbnail size-thumbnail\" alt=\"\" loading=\"lazy\" \/><\/a>\n\t\t\t<\/div><\/figure><figure class='gallery-item'>\n\t\t\t<div class='gallery-icon landscape'>\n\t\t\t\t<a href='https:\/\/partycypacjaobywatelska.pl\/przestrzen\/wp-content\/uploads\/sites\/9\/2017\/04\/power_spotkanie_sieciujace-44.jpg'><img width=\"150\" height=\"150\" src=\"https:\/\/partycypacjaobywatelska.pl\/przestrzen\/wp-content\/uploads\/sites\/9\/2017\/04\/power_spotkanie_sieciujace-44-150x150.jpg\" class=\"attachment-thumbnail size-thumbnail\" alt=\"\" loading=\"lazy\" \/><\/a>\n\t\t\t<\/div><\/figure><figure class='gallery-item'>\n\t\t\t<div class='gallery-icon landscape'>\n\t\t\t\t<a href='https:\/\/partycypacjaobywatelska.pl\/przestrzen\/wp-content\/uploads\/sites\/9\/2017\/04\/power_spotkanie_sieciujace-46.jpg'><img width=\"150\" height=\"150\" src=\"https:\/\/partycypacjaobywatelska.pl\/przestrzen\/wp-content\/uploads\/sites\/9\/2017\/04\/power_spotkanie_sieciujace-46-150x150.jpg\" class=\"attachment-thumbnail size-thumbnail\" alt=\"\" loading=\"lazy\" \/><\/a>\n\t\t\t<\/div><\/figure><figure class='gallery-item'>\n\t\t\t<div class='gallery-icon landscape'>\n\t\t\t\t<a href='https:\/\/partycypacjaobywatelska.pl\/przestrzen\/wp-content\/uploads\/sites\/9\/2017\/04\/power_spotkanie_sieciujace-51.jpg'><img width=\"150\" height=\"150\" src=\"https:\/\/partycypacjaobywatelska.pl\/przestrzen\/wp-content\/uploads\/sites\/9\/2017\/04\/power_spotkanie_sieciujace-51-150x150.jpg\" class=\"attachment-thumbnail size-thumbnail\" alt=\"\" loading=\"lazy\" \/><\/a>\n\t\t\t<\/div><\/figure><figure class='gallery-item'>\n\t\t\t<div class='gallery-icon landscape'>\n\t\t\t\t<a href='https:\/\/partycypacjaobywatelska.pl\/przestrzen\/wp-content\/uploads\/sites\/9\/2017\/04\/power_spotkanie_sieciujace-52.jpg'><img width=\"150\" height=\"150\" src=\"https:\/\/partycypacjaobywatelska.pl\/przestrzen\/wp-content\/uploads\/sites\/9\/2017\/04\/power_spotkanie_sieciujace-52-150x150.jpg\" class=\"attachment-thumbnail size-thumbnail\" alt=\"\" loading=\"lazy\" \/><\/a>\n\t\t\t<\/div><\/figure><figure class='gallery-item'>\n\t\t\t<div class='gallery-icon landscape'>\n\t\t\t\t<a href='https:\/\/partycypacjaobywatelska.pl\/przestrzen\/wp-content\/uploads\/sites\/9\/2017\/04\/power_spotkanie_sieciujace-54.jpg'><img width=\"150\" height=\"150\" src=\"https:\/\/partycypacjaobywatelska.pl\/przestrzen\/wp-content\/uploads\/sites\/9\/2017\/04\/power_spotkanie_sieciujace-54-150x150.jpg\" class=\"attachment-thumbnail size-thumbnail\" alt=\"\" loading=\"lazy\" \/><\/a>\n\t\t\t<\/div><\/figure><figure class='gallery-item'>\n\t\t\t<div class='gallery-icon landscape'>\n\t\t\t\t<a href='https:\/\/partycypacjaobywatelska.pl\/przestrzen\/wp-content\/uploads\/sites\/9\/2017\/04\/power_spotkanie_sieciujace-56.jpg'><img width=\"150\" height=\"150\" src=\"https:\/\/partycypacjaobywatelska.pl\/przestrzen\/wp-content\/uploads\/sites\/9\/2017\/04\/power_spotkanie_sieciujace-56-150x150.jpg\" class=\"attachment-thumbnail size-thumbnail\" alt=\"\" loading=\"lazy\" \/><\/a>\n\t\t\t<\/div><\/figure><figure class='gallery-item'>\n\t\t\t<div class='gallery-icon landscape'>\n\t\t\t\t<a href='https:\/\/partycypacjaobywatelska.pl\/przestrzen\/wp-content\/uploads\/sites\/9\/2017\/04\/power_spotkanie_sieciujace-57.jpg'><img width=\"150\" height=\"150\" src=\"https:\/\/partycypacjaobywatelska.pl\/przestrzen\/wp-content\/uploads\/sites\/9\/2017\/04\/power_spotkanie_sieciujace-57-150x150.jpg\" class=\"attachment-thumbnail size-thumbnail\" alt=\"\" loading=\"lazy\" \/><\/a>\n\t\t\t<\/div><\/figure><figure class='gallery-item'>\n\t\t\t<div class='gallery-icon landscape'>\n\t\t\t\t<a href='https:\/\/partycypacjaobywatelska.pl\/przestrzen\/wp-content\/uploads\/sites\/9\/2017\/04\/power_spotkanie_sieciujace-59.jpg'><img width=\"150\" height=\"150\" src=\"https:\/\/partycypacjaobywatelska.pl\/przestrzen\/wp-content\/uploads\/sites\/9\/2017\/04\/power_spotkanie_sieciujace-59-150x150.jpg\" class=\"attachment-thumbnail size-thumbnail\" alt=\"\" loading=\"lazy\" \/><\/a>\n\t\t\t<\/div><\/figure><figure class='gallery-item'>\n\t\t\t<div class='gallery-icon landscape'>\n\t\t\t\t<a href='https:\/\/partycypacjaobywatelska.pl\/przestrzen\/wp-content\/uploads\/sites\/9\/2017\/04\/power_spotkanie_sieciujace-61.jpg'><img width=\"150\" height=\"150\" src=\"https:\/\/partycypacjaobywatelska.pl\/przestrzen\/wp-content\/uploads\/sites\/9\/2017\/04\/power_spotkanie_sieciujace-61-150x150.jpg\" class=\"attachment-thumbnail size-thumbnail\" alt=\"\" loading=\"lazy\" \/><\/a>\n\t\t\t<\/div><\/figure>\n\t\t<\/div>\n\n","protected":false},"excerpt":{"rendered":"<p>10 kwietnia 2017 r. odby\u0142o si\u0119 kolejne spotkanie sieciuj\u0105ce &#8211; tym razem dla gmin, kt\u00f3re zg\u0142osi\u0142y si\u0119 do projektu w ramach II naboru. Przedstawiciele Brzezin, Czerwonaka, Gorzowa Wielkopolskiego, Miko\u0142ajek Pomorskich, Mr\u0105gowa, Okonka, Piaseczna i Warszawy mieli okazj\u0119 si\u0119 pozna\u0107, opowiedzie\u0107 o stoj\u0105cych przed ich gminami wyzwaniach planistycznych, a tak\u017ce zacz\u0105\u0107 planowa\u0107 konsultacje pod okiem Krzysztofa &hellip;<\/p>\n<a href=\"https:\/\/partycypacjaobywatelska.pl\/przestrzen\/2017\/04\/10\/spotkanie-sieciujace-dla-gmin-zgloszonych-w-ramach-ii-naboru\/\" class=\"ReadMore\">Czytaj wi\u0119cej<\/a>","protected":false},"author":1,"featured_media":519,"comment_status":"closed","ping_status":"closed","sticky":false,"template":"","format":"standard","meta":[],"categories":[5],"tags":[],"_links":{"self":[{"href":"https:\/\/partycypacjaobywatelska.pl\/przestrzen\/wp-json\/wp\/v2\/posts\/516"}],"collection":[{"href":"https:\/\/partycypacjaobywatelska.pl\/przestrzen\/wp-json\/wp\/v2\/posts"}],"about":[{"href":"https:\/\/partycypacjaobywatelska.pl\/przestrzen\/wp-json\/wp\/v2\/types\/post"}],"author":[{"embeddable":true,"href":"https:\/\/partycypacjaobywatelska.pl\/przestrzen\/wp-json\/wp\/v2\/users\/1"}],"replies":[{"embeddable":true,"href":"https:\/\/partycypacjaobywatelska.pl\/przestrzen\/wp-json\/wp\/v2\/comments?post=516"}],"version-history":[{"count":5,"href":"https:\/\/partycypacjaobywatelska.pl\/przestrzen\/wp-json\/wp\/v2\/posts\/516\/revisions"}],"predecessor-version":[{"id":543,"href":"https:\/\/partycypacjaobywatelska.pl\/przestrzen\/wp-json\/wp\/v2\/posts\/516\/revisions\/543"}],"wp:featuredmedia":[{"embeddable":true,"href":"https:\/\/partycypacjaobywatelska.pl\/przestrzen\/wp-json\/wp\/v2\/media\/519"}],"wp:attachment":[{"href":"https:\/\/partycypacjaobywatelska.pl\/przestrzen\/wp-json\/wp\/v2\/media?parent=516"}],"wp:term":[{"taxonomy":"category","embeddable":true,"href":"https:\/\/partycypacjaobywatelska.pl\/przestrzen\/wp-json\/wp\/v2\/categories?post=516"},{"taxonomy":"post_tag","embeddable":true,"href":"https:\/\/partycypacjaobywatelska.pl\/przestrzen\/wp-json\/wp\/v2\/tags?post=516"}],"curies":[{"name":"wp","href":"https:\/\/api.w.org\/{rel}","templated":true}]}}