
{"id":507,"date":"2017-04-18T12:49:26","date_gmt":"2017-04-18T10:49:26","guid":{"rendered":"http:\/\/partycypacjaobywatelska.pl\/przestrzen\/?p=507"},"modified":"2017-05-12T12:26:43","modified_gmt":"2017-05-12T10:26:43","slug":"kawiarenki-obywatelskie-w-tychach","status":"publish","type":"post","link":"https:\/\/partycypacjaobywatelska.pl\/przestrzen\/2017\/04\/18\/kawiarenki-obywatelskie-w-tychach\/","title":{"rendered":"Kawiarenki obywatelskie w Tychach"},"content":{"rendered":"<p class=\"western\">W Tychach wystartowa\u0142y konsultacje planu miejscowego dla najstarszej dzielnicy miasta. Rozmowy o przysz\u0142o\u015bci Starych Tych\u00f3w rozpocz\u0119\u0142y si\u0119 od tzw. kawiarenek obywatelskich.<\/p>\n<p class=\"western\">Pierwsze spotkanie (23 marca) by\u0142o po\u015bwi\u0119cone rynkowi i jego okolicy, drugie (6.04) \u2013 ochronie zabytk\u00f3w znajduj\u0105cych si\u0119 na Starych Tychach. W kawiarenkach wzi\u0119li udzia\u0142 mieszka\u0144cy, przedsi\u0119biorcy prowadz\u0105cy dzia\u0142alno\u015b\u0107 na konsultowanym obszarze, radni i miejscy urz\u0119dnicy, kt\u00f3rzy b\u0119d\u0105 przygotowywa\u0107 projekt planu.<\/p>\n<p class=\"western\">\u2013 <i>Chcemy wsp\u00f3lnie zastanowi\u0107 si\u0119, kt\u00f3re miejsca na Starych Tychach warto pobudzi\u0107 do \u017cycia, zrewitalizowa\u0107; w kt\u00f3re warto tchn\u0105\u0107 nowe \u017cycie. Chodzi nam bowiem o zr\u00f3wnowa\u017cony rozw\u00f3j, dobre \u0142\u0105czenie tradycji z nowoczesno\u015bci\u0105 i takie aran\u017cowanie przestrzeni publicznej, by mogli znale\u017a\u0107 w niej co\u015b dla siebie zar\u00f3wno m\u0142odsi, jak i starsi<\/i>\u00a0\u2013 powiedzia\u0142 Igor \u015amieta\u0144ski, zast\u0119pca prezydenta Tych\u00f3w.<\/p>\n<p class=\"western\">***<\/p>\n<p class=\"western\">Wi\u0119cej o technice kawiarenki obywatelskiej mo\u017cna znale\u017a\u0107 <span style=\"color: #000080\"><span lang=\"zxx\"><u><a href=\"http:\/\/partycypacjaobywatelska.pl\/strefa-wiedzy\/techniki\/kawiarnia-obywatelska\/\">tutaj<\/a><\/u><\/span><\/span> &#8211; w materia\u0142ach edukacyjnych na stronie projektu &#8222;Przestrze\u0144 dla partycypacji&#8221;.<\/p>\n","protected":false},"excerpt":{"rendered":"<p>W Tychach wystartowa\u0142y konsultacje planu miejscowego dla najstarszej dzielnicy miasta. Rozmowy o przysz\u0142o\u015bci Starych Tych\u00f3w rozpocz\u0119\u0142y si\u0119 od tzw. kawiarenek obywatelskich. Pierwsze spotkanie (23 marca) by\u0142o po\u015bwi\u0119cone rynkowi i jego okolicy, drugie (6.04) \u2013 ochronie zabytk\u00f3w znajduj\u0105cych si\u0119 na Starych Tychach. W kawiarenkach wzi\u0119li udzia\u0142 mieszka\u0144cy, przedsi\u0119biorcy prowadz\u0105cy dzia\u0142alno\u015b\u0107 na konsultowanym obszarze, radni i miejscy &hellip;<\/p>\n<a href=\"https:\/\/partycypacjaobywatelska.pl\/przestrzen\/2017\/04\/18\/kawiarenki-obywatelskie-w-tychach\/\" class=\"ReadMore\">Czytaj wi\u0119cej<\/a>","protected":false},"author":141,"featured_media":711,"comment_status":"closed","ping_status":"closed","sticky":false,"template":"","format":"standard","meta":[],"categories":[31],"tags":[25],"_links":{"self":[{"href":"https:\/\/partycypacjaobywatelska.pl\/przestrzen\/wp-json\/wp\/v2\/posts\/507"}],"collection":[{"href":"https:\/\/partycypacjaobywatelska.pl\/przestrzen\/wp-json\/wp\/v2\/posts"}],"about":[{"href":"https:\/\/partycypacjaobywatelska.pl\/przestrzen\/wp-json\/wp\/v2\/types\/post"}],"author":[{"embeddable":true,"href":"https:\/\/partycypacjaobywatelska.pl\/przestrzen\/wp-json\/wp\/v2\/users\/141"}],"replies":[{"embeddable":true,"href":"https:\/\/partycypacjaobywatelska.pl\/przestrzen\/wp-json\/wp\/v2\/comments?post=507"}],"version-history":[{"count":5,"href":"https:\/\/partycypacjaobywatelska.pl\/przestrzen\/wp-json\/wp\/v2\/posts\/507\/revisions"}],"predecessor-version":[{"id":712,"href":"https:\/\/partycypacjaobywatelska.pl\/przestrzen\/wp-json\/wp\/v2\/posts\/507\/revisions\/712"}],"wp:featuredmedia":[{"embeddable":true,"href":"https:\/\/partycypacjaobywatelska.pl\/przestrzen\/wp-json\/wp\/v2\/media\/711"}],"wp:attachment":[{"href":"https:\/\/partycypacjaobywatelska.pl\/przestrzen\/wp-json\/wp\/v2\/media?parent=507"}],"wp:term":[{"taxonomy":"category","embeddable":true,"href":"https:\/\/partycypacjaobywatelska.pl\/przestrzen\/wp-json\/wp\/v2\/categories?post=507"},{"taxonomy":"post_tag","embeddable":true,"href":"https:\/\/partycypacjaobywatelska.pl\/przestrzen\/wp-json\/wp\/v2\/tags?post=507"}],"curies":[{"name":"wp","href":"https:\/\/api.w.org\/{rel}","templated":true}]}}