
{"id":351,"date":"2017-01-17T12:15:21","date_gmt":"2017-01-17T11:15:21","guid":{"rendered":"http:\/\/partycypacjaobywatelska.pl\/przestrzen\/?p=351"},"modified":"2017-01-30T14:18:05","modified_gmt":"2017-01-30T13:18:05","slug":"drugi-nabor-gmin-do-projektu-i-spotkania-informacyjno-szkoleniowe","status":"publish","type":"post","link":"https:\/\/partycypacjaobywatelska.pl\/przestrzen\/2017\/01\/17\/drugi-nabor-gmin-do-projektu-i-spotkania-informacyjno-szkoleniowe\/","title":{"rendered":"Drugi nab\u00f3r gmin do projektu i spotkania informacyjno-szkoleniowe"},"content":{"rendered":"<p><strong>W lutym rusza kolejny nab\u00f3r gmin do projektu &#8222;Przestrze\u0144 dla partycypacji&#8221;. Zg\u0142oszenia przyjmowane b\u0119d\u0105 przez formularz on-line. Ju\u017c teraz zapraszamy do zg\u0142aszania si\u0119 na na spotkania informacyjno-szkoleniowe na temat projektu, kt\u00f3re odb\u0119d\u0105 si\u0119 w Poznaniu (2.02) i Warszawie (8.02).<\/strong><\/p>\n<p><strong>W zwi\u0105zku z og\u0142oszeniem drugiego naboru gmin do projektu &#8222;Przestrze\u0144 dla partycypacji&#8221;, zapraszamy na spotkania informacyjno-szkoleniowe<\/strong>. Spotkania b\u0119d\u0105 zawiera\u0107 cz\u0119\u015b\u0107 informacyjn\u0105, dotycz\u0105c\u0105 procedur zg\u0142aszania si\u0119 i udzia\u0142u w projekcie, a tak\u017ce cz\u0119\u015b\u0107 szkoleniow\u0105 (z elementami warsztatowymi) dotycz\u0105c\u0105 podstawowych zagadnie\u0144 zwi\u0105zanych ze stosowaniem metod partycypacyjnych w planowaniu przestrzennym. Spotkania organizuj\u0105 i prowadz\u0105 realizatorzy projektu z Fundacji Napraw Sobie Miasto, Pracowni Bada\u0144 i Innowacji Spo\u0142ecznych \u201eStocznia\u201d, Pracowni Zr\u00f3wnowa\u017conego Rozwoju i Zwi\u0105zku Miast Polskich &#8211; eksperci z zakresu partycypacji obywatelskiej i urbanistyki.<\/p>\n<p><strong>Spotkania odb\u0119d\u0105 si\u0119:<\/strong><\/p>\n<ul>\n<li><strong>2 lutego (czwartek) w godz. 10.30-16.30 w Poznaniu<\/strong>, w siedzibie Zwi\u0105zku Miast Polskich przy ul. Roboczej 42 oraz<\/li>\n<li><strong>8 lutego (\u015broda) w godz. 10.30-16.30 w Warszawie<\/strong>, w Marzycielach i Rzemie\u015blnikach. Domu innowacji spo\u0142ecznych przy ul. Brackiej 25<\/li>\n<\/ul>\n<p>Do udzia\u0142u w spotkaniach zapraszamy w szczeg\u00f3lno\u015bci osoby odpowiedzialne za prowadzenie konsultacji spo\u0142ecznych w gminach oraz osoby odpowiedzialne za planowanie przestrzenne. Mo\u017cliwy jest przyjazd dw\u00f3ch os\u00f3b z jednej gminy.<\/p>\n<p>W trakcie spotkania przewidziany jest posi\u0142ek. Organizatorzy nie zapewniaj\u0105 jednak zwrotu koszt\u00f3w przejazdu.<\/p>\n<p><strong>Na spotkania mo\u017cna si\u0119 zg\u0142asza\u0107 przez wype\u0142nienie formularza zg\u0142oszeniowego pod tym linkiem: <\/strong><a href=\"https:\/\/goo.gl\/erWiQV\"><strong>https:\/\/goo.gl\/erWiQV<\/strong><\/a><strong>. <\/strong><\/p>\n<p><strong>Informacji udziela: <\/strong>Maria Perchu\u0107-\u017b\u00f3\u0142towska (<a href=\"mailto:mperchuc@stocznia.org.pl\">mperchuc@stocznia.org.pl<\/a>), tel. (22) 100 55 94.<\/p>\n","protected":false},"excerpt":{"rendered":"<p>W lutym rusza kolejny nab\u00f3r gmin do projektu &#8222;Przestrze\u0144 dla partycypacji&#8221;. Zg\u0142oszenia przyjmowane b\u0119d\u0105 przez formularz on-line. Ju\u017c teraz zapraszamy do zg\u0142aszania si\u0119 na na spotkania informacyjno-szkoleniowe na temat projektu, kt\u00f3re odb\u0119d\u0105 si\u0119 w Poznaniu (2.02) i Warszawie (8.02). W zwi\u0105zku z og\u0142oszeniem drugiego naboru gmin do projektu &#8222;Przestrze\u0144 dla partycypacji&#8221;, zapraszamy na spotkania informacyjno-szkoleniowe. &hellip;<\/p>\n<a href=\"https:\/\/partycypacjaobywatelska.pl\/przestrzen\/2017\/01\/17\/drugi-nabor-gmin-do-projektu-i-spotkania-informacyjno-szkoleniowe\/\" class=\"ReadMore\">Czytaj wi\u0119cej<\/a>","protected":false},"author":1,"featured_media":352,"comment_status":"closed","ping_status":"closed","sticky":false,"template":"","format":"standard","meta":[],"categories":[4,5],"tags":[],"_links":{"self":[{"href":"https:\/\/partycypacjaobywatelska.pl\/przestrzen\/wp-json\/wp\/v2\/posts\/351"}],"collection":[{"href":"https:\/\/partycypacjaobywatelska.pl\/przestrzen\/wp-json\/wp\/v2\/posts"}],"about":[{"href":"https:\/\/partycypacjaobywatelska.pl\/przestrzen\/wp-json\/wp\/v2\/types\/post"}],"author":[{"embeddable":true,"href":"https:\/\/partycypacjaobywatelska.pl\/przestrzen\/wp-json\/wp\/v2\/users\/1"}],"replies":[{"embeddable":true,"href":"https:\/\/partycypacjaobywatelska.pl\/przestrzen\/wp-json\/wp\/v2\/comments?post=351"}],"version-history":[{"count":3,"href":"https:\/\/partycypacjaobywatelska.pl\/przestrzen\/wp-json\/wp\/v2\/posts\/351\/revisions"}],"predecessor-version":[{"id":361,"href":"https:\/\/partycypacjaobywatelska.pl\/przestrzen\/wp-json\/wp\/v2\/posts\/351\/revisions\/361"}],"wp:featuredmedia":[{"embeddable":true,"href":"https:\/\/partycypacjaobywatelska.pl\/przestrzen\/wp-json\/wp\/v2\/media\/352"}],"wp:attachment":[{"href":"https:\/\/partycypacjaobywatelska.pl\/przestrzen\/wp-json\/wp\/v2\/media?parent=351"}],"wp:term":[{"taxonomy":"category","embeddable":true,"href":"https:\/\/partycypacjaobywatelska.pl\/przestrzen\/wp-json\/wp\/v2\/categories?post=351"},{"taxonomy":"post_tag","embeddable":true,"href":"https:\/\/partycypacjaobywatelska.pl\/przestrzen\/wp-json\/wp\/v2\/tags?post=351"}],"curies":[{"name":"wp","href":"https:\/\/api.w.org\/{rel}","templated":true}]}}