
{"id":3506,"date":"2022-02-21T10:00:00","date_gmt":"2022-02-21T09:00:00","guid":{"rendered":"https:\/\/partycypacjaobywatelska.pl\/przestrzen\/?p=3506"},"modified":"2022-02-21T09:59:51","modified_gmt":"2022-02-21T08:59:51","slug":"nabor-uzupelniajacy-do-projektu-3","status":"publish","type":"post","link":"https:\/\/partycypacjaobywatelska.pl\/przestrzen\/2022\/02\/21\/nabor-uzupelniajacy-do-projektu-3\/","title":{"rendered":"Nab\u00f3r uzupe\u0142niaj\u0105cy do projektu (Nab\u00f3r przed\u0142u\u017cony do 25.02.2022)"},"content":{"rendered":"\n<p class=\"lead\">Zapraszamy do udzia\u0142u w naborze do projektu \u201ePrzestrze\u0144 dla partycypacji 2\u201d. Wybrane gminy otrzymaj\u0105 wsparcie finansowe w wysoko\u015bci do 25 000 z\u0142 oraz wsparcie merytoryczne specjalist\u00f3w do spraw konsultacji spo\u0142ecznych oraz planist\u00f3w. Zg\u0142oszenia przyjmujemy poprzez formularz on-line do 18 lutego 2022 roku <strong>(nab\u00f3r przed\u0142u\u017cono do 25.02.2022)<\/strong><\/p>\n<p>W ramach projektu wspieramy samorz\u0105dy z ca\u0142ej Polski, kt\u00f3re przymierzaj\u0105 si\u0119 do opracowania lub zmiany miejscowych plan\u00f3w zagospodarowania przestrzennego lub studium. Celem projektu jest rozpocz\u0119cie dialogu na jak najwcze\u015bniejszym etapie procedury planistycznej, a tak\u017ce wsparcie na etapie wy\u0142o\u017cenia projektu dokumentu do publicznego wgl\u0105du. Do ko\u0144ca 2021 roku w ramach projektu wsparcie otrzyma\u0142o ju\u017c 52 gmin z ca\u0142ej Polski.<\/p>\n<h3><strong>Jakie wsparcie otrzymuj\u0105 gminy w projekcie? <\/strong><\/h3>\n<ol>\n<li>wsp\u00f3lne <strong>zaplanowanie przebiegu konsultacji spo\u0142ecznych <\/strong>(w tym dobranie technik konsultacyjnych do formy hybrydowej i on-line prowadzenia konsultacji) dokumentu planistycznego,<\/li>\n<li><strong>szkolenia, warsztaty, doradztwo i bie\u017c\u0105ce wsparcie <\/strong>ekspert\u00f3w z dziedziny planowania przestrzennego i partycypacji obywatelskiej na etapie przygotowania i realizacji konsultacji spo\u0142ecznych dla os\u00f3b zaanga\u017cowanych w proces po stronie gminy, w tym <strong>szkolenia i wsparcie z zakresu prowadzenia dzia\u0142a\u0144 konsultacji spo\u0142ecznych on-line<\/strong>,<\/li>\n<li><strong>granty na realizacj\u0119 konsultacji w wysoko\u015bci ok. 20 tys. z\u0142 <\/strong>(w uzasadnionych przypadkach do 25 tys. z\u0142),<\/li>\n<li>mo\u017cliwo\u015b\u0107 udzia\u0142u w spotkaniach z gminami prowadz\u0105cymi podobne konsultacje w ramach projektu.<\/li>\n<\/ol>\n<h3><strong>Jak wygl\u0105da praca w gminie?<\/strong><\/h3>\n<p>O tym mo\u017cna przeczyta\u0107 wi\u0119cej &gt;&gt; <a href=\"https:\/\/partycypacjaobywatelska.pl\/przestrzen\/do-czego-sie-zglaszam\/\" target=\"_blank\" rel=\"noopener noreferrer\">tutaj<\/a>.<\/p>\n<h3><strong>Jak mo\u017cna si\u0119 zg\u0142osi\u0107? <\/strong><\/h3>\n<p>Nab\u00f3r gmin do projektu trwa do 18 lutego 2022 roku <strong>(nab\u00f3r przed\u0142u\u017cono do 25.02.2022)<\/strong>. Zainteresowane gminy prosimy o wype\u0142nienie <a href=\"http:\/\/partycypacjaobywatelska.pl\/przestrzen\/formularz\/\" target=\"_blank\" rel=\"noopener noreferrer\">formularza zg\u0142oszeniowego on-line<\/a>. <span style=\"font-size: inherit\">Po wype\u0142nieniu formularza, z gmin\u0105 skontaktuj\u0105 si\u0119 realizatorzy projektu.<\/span><\/p>\n<h3><strong>Dlaczego warto wzi\u0105\u0107 udzia\u0142 w projekcie? <\/strong><\/h3>\n<p><em>\u2013 Dzi\u0119ki w\u0142\u0105czeniu mieszka\u0144c\u00f3w w prace nad dokumentem planistycznym od samego pocz\u0105tku, maj\u0105 oni szans\u0119 zrozumie\u0107 i zaakceptowa\u0107 ustalenia zapisane p\u00f3\u017aniej w planie miejscowym lub studium. Takie dzia\u0142anie pomaga lepiej pozna\u0107 potrzeby mieszka\u0144c\u00f3w i u\u017cytkownik\u00f3w danej przestrzeni i pomaga rozpoznawa\u0107 i niwelowa\u0107 ryzyko potencjalnych konflikt\u00f3w spo\u0142ecznych<\/em>\u00a0\u2013 m\u00f3wi Maria Perchu\u0107-\u017b\u00f3\u0142towska, koordynatorka projektu z Fundacji Stocznia.<\/p>\n<p>Udzia\u0142 w projekcie pozwoli gminom, kt\u00f3re ju\u017c realizuj\u0105 konsultacje spo\u0142eczne w zakresie planowania przestrzennego, na podniesienie ich jako\u015bci, a tym, kt\u00f3re nie maj\u0105 takich do\u015bwiadcze\u0144, da przestrze\u0144 na podj\u0119cie nowych wyzwa\u0144. Umo\u017cliwi tak\u017ce zdobycie lub wzmocnienie do\u015bwiadczenia w prowadzeniu konsultacji spo\u0142ecznych z u\u017cyciem narz\u0119dzi on-line.<\/p>\n<p>Projekt realizowany jest przez Fundacj\u0119 Stocznia, Pracowni\u0119 Zr\u00f3wnowa\u017conego Rozwoju i Zwi\u0105zek Miast Polskich.<\/p>\n","protected":false},"excerpt":{"rendered":"<p>Zapraszamy do udzia\u0142u w naborze do projektu \u201ePrzestrze\u0144 dla partycypacji 2\u201d. Wybrane gminy otrzymaj\u0105 wsparcie finansowe w wysoko\u015bci do 25 000 z\u0142 oraz wsparcie merytoryczne specjalist\u00f3w do spraw konsultacji spo\u0142ecznych oraz planist\u00f3w. Zg\u0142oszenia przyjmujemy poprzez formularz on-line do 18 lutego 2022 roku (nab\u00f3r przed\u0142u\u017cono do 25.02.2022) W ramach projektu wspieramy samorz\u0105dy z ca\u0142ej Polski, kt\u00f3re &hellip;<\/p>\n<a href=\"https:\/\/partycypacjaobywatelska.pl\/przestrzen\/2022\/02\/21\/nabor-uzupelniajacy-do-projektu-3\/\" class=\"ReadMore\">Czytaj wi\u0119cej<\/a>","protected":false},"author":163,"featured_media":3079,"comment_status":"closed","ping_status":"closed","sticky":false,"template":"","format":"standard","meta":[],"categories":[4],"tags":[],"_links":{"self":[{"href":"https:\/\/partycypacjaobywatelska.pl\/przestrzen\/wp-json\/wp\/v2\/posts\/3506"}],"collection":[{"href":"https:\/\/partycypacjaobywatelska.pl\/przestrzen\/wp-json\/wp\/v2\/posts"}],"about":[{"href":"https:\/\/partycypacjaobywatelska.pl\/przestrzen\/wp-json\/wp\/v2\/types\/post"}],"author":[{"embeddable":true,"href":"https:\/\/partycypacjaobywatelska.pl\/przestrzen\/wp-json\/wp\/v2\/users\/163"}],"replies":[{"embeddable":true,"href":"https:\/\/partycypacjaobywatelska.pl\/przestrzen\/wp-json\/wp\/v2\/comments?post=3506"}],"version-history":[{"count":2,"href":"https:\/\/partycypacjaobywatelska.pl\/przestrzen\/wp-json\/wp\/v2\/posts\/3506\/revisions"}],"predecessor-version":[{"id":3530,"href":"https:\/\/partycypacjaobywatelska.pl\/przestrzen\/wp-json\/wp\/v2\/posts\/3506\/revisions\/3530"}],"wp:featuredmedia":[{"embeddable":true,"href":"https:\/\/partycypacjaobywatelska.pl\/przestrzen\/wp-json\/wp\/v2\/media\/3079"}],"wp:attachment":[{"href":"https:\/\/partycypacjaobywatelska.pl\/przestrzen\/wp-json\/wp\/v2\/media?parent=3506"}],"wp:term":[{"taxonomy":"category","embeddable":true,"href":"https:\/\/partycypacjaobywatelska.pl\/przestrzen\/wp-json\/wp\/v2\/categories?post=3506"},{"taxonomy":"post_tag","embeddable":true,"href":"https:\/\/partycypacjaobywatelska.pl\/przestrzen\/wp-json\/wp\/v2\/tags?post=3506"}],"curies":[{"name":"wp","href":"https:\/\/api.w.org\/{rel}","templated":true}]}}