
{"id":3484,"date":"2021-12-08T10:23:54","date_gmt":"2021-12-08T09:23:54","guid":{"rendered":"https:\/\/partycypacjaobywatelska.pl\/przestrzen\/?p=3484"},"modified":"2021-12-08T10:25:40","modified_gmt":"2021-12-08T09:25:40","slug":"filmowe-podsumowanie-konsultacji-w-tychach","status":"publish","type":"post","link":"https:\/\/partycypacjaobywatelska.pl\/przestrzen\/2021\/12\/08\/filmowe-podsumowanie-konsultacji-w-tychach\/","title":{"rendered":"Filmowe podsumowanie konsultacji w Tychach"},"content":{"rendered":"\n<p><strong>Dobiegaj\u0105 ko\u0144ca konsultacje spo\u0142eczne dotycz\u0105ce Osiedla C w Tychach. Mieszka\u0144cy i mieszkanki nied\u0142ugo poznaj\u0105 efekty procesu, a tymczasem urz\u0105d miasta opublikowa\u0142 jego filmowe podsumowanie.<\/strong><\/p>\n<p>W\u0142adze miasta postawi\u0142y na pog\u0142\u0119bione konsultacje publiczne.<\/p>\n<blockquote>\n<p>St\u0105d pomys\u0142 wykorzystania programu Przestrze\u0144 dla Partycypacji. Dzi\u0119ki niemu mogli\u015bmy, z pomoc\u0105 ekspert\u00f3w, opracowa\u0107 kompleksowy program, kt\u00f3ry z jednej strony uwzgl\u0119dnia\u0142 wszechstronne konsultacje, a z drugiej sprawi\u0142, by plan miejscowy by\u0142 jak najbardziej optymalny z punktu widzenia przestrzeni<\/p>\n<\/blockquote>\n<p>&#8211; powiedzia\u0142 w filmie Igor \u015amieta\u0144ski, zast\u0119pca prezydenta miasta.<\/p>\n<p><img loading=\"lazy\" class=\"aligncenter wp-image-3485 size-full\" src=\"http:\/\/partycypacjaobywatelska.pl\/przestrzen\/wp-content\/uploads\/sites\/9\/2021\/12\/zrzut-ekranu-2021-12-8-o-094222.png\" alt=\"C jak Celina przypadek tyskiego osiedla\" width=\"858\" height=\"457\" srcset=\"https:\/\/partycypacjaobywatelska.pl\/przestrzen\/wp-content\/uploads\/sites\/9\/2021\/12\/zrzut-ekranu-2021-12-8-o-094222.png 858w, https:\/\/partycypacjaobywatelska.pl\/przestrzen\/wp-content\/uploads\/sites\/9\/2021\/12\/zrzut-ekranu-2021-12-8-o-094222-300x160.png 300w, https:\/\/partycypacjaobywatelska.pl\/przestrzen\/wp-content\/uploads\/sites\/9\/2021\/12\/zrzut-ekranu-2021-12-8-o-094222-768x409.png 768w, https:\/\/partycypacjaobywatelska.pl\/przestrzen\/wp-content\/uploads\/sites\/9\/2021\/12\/zrzut-ekranu-2021-12-8-o-094222-225x120.png 225w\" sizes=\"(max-width: 858px) 100vw, 858px\" \/><\/p>\n<p>Proces konsultacji rozpocz\u0119\u0142a diagnoza aktualnych problem\u00f3w oraz mocnych stron osiedla, kt\u00f3re powsta\u0142o 60 lat temu jako kameralne i przyjazne mieszka\u0144com. Przeprowadzone zosta\u0142y ankiety w formie tradycyjnej i cyfrowej, spotkania w ramach punkt\u00f3w konsultacyjnych i warsztat\u00f3w on-line.<\/p>\n<blockquote>\n<p>Wszystkie te dzia\u0142ania pozwoli\u0142y nam wsp\u00f3lnie wypracowa\u0107 rozwi\u0105zania zdiagnozowanych problem\u00f3w oraz znale\u017a\u0107 nowe pomys\u0142y poprawiaj\u0105ce jako\u015b\u0107 \u017cycia. Wiedz\u0119 o osiedlu poszerzyli\u015bmy podczas spaceru badawczego, prowadzonego przez miejsk\u0105 konserwator zabytk\u00f3w<\/p>\n<\/blockquote>\n<p>&#8211; doda\u0142 Micha\u0142 Lorbiecki, koordynator konsultacji po stronie urz\u0119du miasta.<\/p>\n<p>Zobacz <a href=\"https:\/\/fb.watch\/9McyyZ0cE9\/\" target=\"_blank\" rel=\"noopener\">filmowe podsumowanie konsultacji<\/a>.<\/p>\n","protected":false},"excerpt":{"rendered":"<p>Dobiegaj\u0105 ko\u0144ca konsultacje spo\u0142eczne dotycz\u0105ce Osiedla C w Tychach. Mieszka\u0144cy i mieszkanki nied\u0142ugo poznaj\u0105 efekty procesu, a tymczasem urz\u0105d miasta opublikowa\u0142 jego filmowe podsumowanie. W\u0142adze miasta postawi\u0142y na pog\u0142\u0119bione konsultacje publiczne. St\u0105d pomys\u0142 wykorzystania programu Przestrze\u0144 dla Partycypacji. Dzi\u0119ki niemu mogli\u015bmy, z pomoc\u0105 ekspert\u00f3w, opracowa\u0107 kompleksowy program, kt\u00f3ry z jednej strony uwzgl\u0119dnia\u0142 wszechstronne konsultacje, a &hellip;<\/p>\n<a href=\"https:\/\/partycypacjaobywatelska.pl\/przestrzen\/2021\/12\/08\/filmowe-podsumowanie-konsultacji-w-tychach\/\" class=\"ReadMore\">Czytaj wi\u0119cej<\/a>","protected":false},"author":188,"featured_media":3485,"comment_status":"closed","ping_status":"closed","sticky":false,"template":"","format":"standard","meta":[],"categories":[31],"tags":[70,25],"_links":{"self":[{"href":"https:\/\/partycypacjaobywatelska.pl\/przestrzen\/wp-json\/wp\/v2\/posts\/3484"}],"collection":[{"href":"https:\/\/partycypacjaobywatelska.pl\/przestrzen\/wp-json\/wp\/v2\/posts"}],"about":[{"href":"https:\/\/partycypacjaobywatelska.pl\/przestrzen\/wp-json\/wp\/v2\/types\/post"}],"author":[{"embeddable":true,"href":"https:\/\/partycypacjaobywatelska.pl\/przestrzen\/wp-json\/wp\/v2\/users\/188"}],"replies":[{"embeddable":true,"href":"https:\/\/partycypacjaobywatelska.pl\/przestrzen\/wp-json\/wp\/v2\/comments?post=3484"}],"version-history":[{"count":3,"href":"https:\/\/partycypacjaobywatelska.pl\/przestrzen\/wp-json\/wp\/v2\/posts\/3484\/revisions"}],"predecessor-version":[{"id":3488,"href":"https:\/\/partycypacjaobywatelska.pl\/przestrzen\/wp-json\/wp\/v2\/posts\/3484\/revisions\/3488"}],"wp:featuredmedia":[{"embeddable":true,"href":"https:\/\/partycypacjaobywatelska.pl\/przestrzen\/wp-json\/wp\/v2\/media\/3485"}],"wp:attachment":[{"href":"https:\/\/partycypacjaobywatelska.pl\/przestrzen\/wp-json\/wp\/v2\/media?parent=3484"}],"wp:term":[{"taxonomy":"category","embeddable":true,"href":"https:\/\/partycypacjaobywatelska.pl\/przestrzen\/wp-json\/wp\/v2\/categories?post=3484"},{"taxonomy":"post_tag","embeddable":true,"href":"https:\/\/partycypacjaobywatelska.pl\/przestrzen\/wp-json\/wp\/v2\/tags?post=3484"}],"curies":[{"name":"wp","href":"https:\/\/api.w.org\/{rel}","templated":true}]}}