
{"id":3319,"date":"2021-06-18T12:56:50","date_gmt":"2021-06-18T10:56:50","guid":{"rendered":"http:\/\/partycypacjaobywatelska.pl\/przestrzen\/?p=3319"},"modified":"2021-06-18T13:01:53","modified_gmt":"2021-06-18T11:01:53","slug":"warsztaty-projektowe-w-elku","status":"publish","type":"post","link":"https:\/\/partycypacjaobywatelska.pl\/przestrzen\/2021\/06\/18\/warsztaty-projektowe-w-elku\/","title":{"rendered":"Warsztaty projektowe w E\u0142ku"},"content":{"rendered":"\n<p class=\"lead\">W maju \u2013 jako kolejny element konsultacji spo\u0142ecznych \u2013 odby\u0142y si\u0119 w E\u0142ku warsztaty projektowe. Urz\u0119dnicy i mieszka\u0144cy omawiali r\u00f3\u017cne warianty planowanych rozwi\u0105za\u0144.\u00a0<\/p>\n<p style=\"font-weight: 400;\">Podczas spotkania zaprezentowano wyniki z wcze\u015bniejszych etap\u00f3w konsultacji, a mieszka\u0144cy mieli mo\u017cliwo\u015b\u0107 wsp\u00f3lnego stworzenia makiety dla obszaru obj\u0119tego planem, a tak\u017ce przedyskutowania wypracowanych rozwi\u0105za\u0144 przestrzennych.<\/p>\n<div id='gallery-1' class='gallery galleryid-3319 gallery-columns-3 gallery-size-medium'><figure class='gallery-item'>\n\t\t\t<div class='gallery-icon landscape'>\n\t\t\t\t<a href='https:\/\/partycypacjaobywatelska.pl\/przestrzen\/wp-content\/uploads\/sites\/9\/2021\/06\/20210527_165529-scaled.jpg'><img width=\"300\" height=\"225\" src=\"https:\/\/partycypacjaobywatelska.pl\/przestrzen\/wp-content\/uploads\/sites\/9\/2021\/06\/20210527_165529-300x225.jpg\" class=\"attachment-medium size-medium\" alt=\"\" loading=\"lazy\" srcset=\"https:\/\/partycypacjaobywatelska.pl\/przestrzen\/wp-content\/uploads\/sites\/9\/2021\/06\/20210527_165529-300x225.jpg 300w, https:\/\/partycypacjaobywatelska.pl\/przestrzen\/wp-content\/uploads\/sites\/9\/2021\/06\/20210527_165529-1024x768.jpg 1024w, https:\/\/partycypacjaobywatelska.pl\/przestrzen\/wp-content\/uploads\/sites\/9\/2021\/06\/20210527_165529-768x576.jpg 768w, https:\/\/partycypacjaobywatelska.pl\/przestrzen\/wp-content\/uploads\/sites\/9\/2021\/06\/20210527_165529-1536x1152.jpg 1536w, https:\/\/partycypacjaobywatelska.pl\/przestrzen\/wp-content\/uploads\/sites\/9\/2021\/06\/20210527_165529-2048x1536.jpg 2048w, https:\/\/partycypacjaobywatelska.pl\/przestrzen\/wp-content\/uploads\/sites\/9\/2021\/06\/20210527_165529-160x120.jpg 160w\" sizes=\"(max-width: 300px) 100vw, 300px\" \/><\/a>\n\t\t\t<\/div><\/figure><figure class='gallery-item'>\n\t\t\t<div class='gallery-icon landscape'>\n\t\t\t\t<a href='https:\/\/partycypacjaobywatelska.pl\/przestrzen\/wp-content\/uploads\/sites\/9\/2021\/06\/20210527_175555-scaled.jpg'><img width=\"300\" height=\"225\" src=\"https:\/\/partycypacjaobywatelska.pl\/przestrzen\/wp-content\/uploads\/sites\/9\/2021\/06\/20210527_175555-300x225.jpg\" class=\"attachment-medium size-medium\" alt=\"\" loading=\"lazy\" srcset=\"https:\/\/partycypacjaobywatelska.pl\/przestrzen\/wp-content\/uploads\/sites\/9\/2021\/06\/20210527_175555-300x225.jpg 300w, https:\/\/partycypacjaobywatelska.pl\/przestrzen\/wp-content\/uploads\/sites\/9\/2021\/06\/20210527_175555-1024x768.jpg 1024w, https:\/\/partycypacjaobywatelska.pl\/przestrzen\/wp-content\/uploads\/sites\/9\/2021\/06\/20210527_175555-768x576.jpg 768w, https:\/\/partycypacjaobywatelska.pl\/przestrzen\/wp-content\/uploads\/sites\/9\/2021\/06\/20210527_175555-1536x1152.jpg 1536w, https:\/\/partycypacjaobywatelska.pl\/przestrzen\/wp-content\/uploads\/sites\/9\/2021\/06\/20210527_175555-2048x1536.jpg 2048w, https:\/\/partycypacjaobywatelska.pl\/przestrzen\/wp-content\/uploads\/sites\/9\/2021\/06\/20210527_175555-160x120.jpg 160w\" sizes=\"(max-width: 300px) 100vw, 300px\" \/><\/a>\n\t\t\t<\/div><\/figure><figure class='gallery-item'>\n\t\t\t<div class='gallery-icon landscape'>\n\t\t\t\t<a href='https:\/\/partycypacjaobywatelska.pl\/przestrzen\/wp-content\/uploads\/sites\/9\/2021\/06\/20210527_181819-scaled.jpg'><img width=\"300\" height=\"225\" src=\"https:\/\/partycypacjaobywatelska.pl\/przestrzen\/wp-content\/uploads\/sites\/9\/2021\/06\/20210527_181819-300x225.jpg\" class=\"attachment-medium size-medium\" alt=\"\" loading=\"lazy\" srcset=\"https:\/\/partycypacjaobywatelska.pl\/przestrzen\/wp-content\/uploads\/sites\/9\/2021\/06\/20210527_181819-300x225.jpg 300w, https:\/\/partycypacjaobywatelska.pl\/przestrzen\/wp-content\/uploads\/sites\/9\/2021\/06\/20210527_181819-1024x768.jpg 1024w, https:\/\/partycypacjaobywatelska.pl\/przestrzen\/wp-content\/uploads\/sites\/9\/2021\/06\/20210527_181819-768x576.jpg 768w, https:\/\/partycypacjaobywatelska.pl\/przestrzen\/wp-content\/uploads\/sites\/9\/2021\/06\/20210527_181819-1536x1152.jpg 1536w, https:\/\/partycypacjaobywatelska.pl\/przestrzen\/wp-content\/uploads\/sites\/9\/2021\/06\/20210527_181819-2048x1536.jpg 2048w, https:\/\/partycypacjaobywatelska.pl\/przestrzen\/wp-content\/uploads\/sites\/9\/2021\/06\/20210527_181819-160x120.jpg 160w\" sizes=\"(max-width: 300px) 100vw, 300px\" \/><\/a>\n\t\t\t<\/div><\/figure><figure class='gallery-item'>\n\t\t\t<div class='gallery-icon landscape'>\n\t\t\t\t<a href='https:\/\/partycypacjaobywatelska.pl\/przestrzen\/wp-content\/uploads\/sites\/9\/2021\/06\/20210527_210738-scaled.jpg'><img width=\"300\" height=\"169\" src=\"https:\/\/partycypacjaobywatelska.pl\/przestrzen\/wp-content\/uploads\/sites\/9\/2021\/06\/20210527_210738-300x169.jpg\" class=\"attachment-medium size-medium\" alt=\"\" loading=\"lazy\" srcset=\"https:\/\/partycypacjaobywatelska.pl\/przestrzen\/wp-content\/uploads\/sites\/9\/2021\/06\/20210527_210738-300x169.jpg 300w, https:\/\/partycypacjaobywatelska.pl\/przestrzen\/wp-content\/uploads\/sites\/9\/2021\/06\/20210527_210738-1024x576.jpg 1024w, https:\/\/partycypacjaobywatelska.pl\/przestrzen\/wp-content\/uploads\/sites\/9\/2021\/06\/20210527_210738-768x432.jpg 768w, https:\/\/partycypacjaobywatelska.pl\/przestrzen\/wp-content\/uploads\/sites\/9\/2021\/06\/20210527_210738-1536x864.jpg 1536w, https:\/\/partycypacjaobywatelska.pl\/przestrzen\/wp-content\/uploads\/sites\/9\/2021\/06\/20210527_210738-2048x1152.jpg 2048w, https:\/\/partycypacjaobywatelska.pl\/przestrzen\/wp-content\/uploads\/sites\/9\/2021\/06\/20210527_210738-400x225.jpg 400w, https:\/\/partycypacjaobywatelska.pl\/przestrzen\/wp-content\/uploads\/sites\/9\/2021\/06\/20210527_210738-213x120.jpg 213w\" sizes=\"(max-width: 300px) 100vw, 300px\" \/><\/a>\n\t\t\t<\/div><\/figure><figure class='gallery-item'>\n\t\t\t<div class='gallery-icon landscape'>\n\t\t\t\t<a href='https:\/\/partycypacjaobywatelska.pl\/przestrzen\/wp-content\/uploads\/sites\/9\/2021\/06\/20210527_150158-scaled.jpg'><img width=\"300\" height=\"169\" src=\"https:\/\/partycypacjaobywatelska.pl\/przestrzen\/wp-content\/uploads\/sites\/9\/2021\/06\/20210527_150158-300x169.jpg\" class=\"attachment-medium size-medium\" alt=\"\" loading=\"lazy\" srcset=\"https:\/\/partycypacjaobywatelska.pl\/przestrzen\/wp-content\/uploads\/sites\/9\/2021\/06\/20210527_150158-300x169.jpg 300w, https:\/\/partycypacjaobywatelska.pl\/przestrzen\/wp-content\/uploads\/sites\/9\/2021\/06\/20210527_150158-1024x576.jpg 1024w, https:\/\/partycypacjaobywatelska.pl\/przestrzen\/wp-content\/uploads\/sites\/9\/2021\/06\/20210527_150158-768x432.jpg 768w, https:\/\/partycypacjaobywatelska.pl\/przestrzen\/wp-content\/uploads\/sites\/9\/2021\/06\/20210527_150158-1536x864.jpg 1536w, https:\/\/partycypacjaobywatelska.pl\/przestrzen\/wp-content\/uploads\/sites\/9\/2021\/06\/20210527_150158-2048x1152.jpg 2048w, https:\/\/partycypacjaobywatelska.pl\/przestrzen\/wp-content\/uploads\/sites\/9\/2021\/06\/20210527_150158-400x225.jpg 400w, https:\/\/partycypacjaobywatelska.pl\/przestrzen\/wp-content\/uploads\/sites\/9\/2021\/06\/20210527_150158-213x120.jpg 213w\" sizes=\"(max-width: 300px) 100vw, 300px\" \/><\/a>\n\t\t\t<\/div><\/figure><figure class='gallery-item'>\n\t\t\t<div class='gallery-icon portrait'>\n\t\t\t\t<a href='https:\/\/partycypacjaobywatelska.pl\/przestrzen\/wp-content\/uploads\/sites\/9\/2021\/06\/20210527_145820-scaled.jpg'><img width=\"225\" height=\"300\" src=\"https:\/\/partycypacjaobywatelska.pl\/przestrzen\/wp-content\/uploads\/sites\/9\/2021\/06\/20210527_145820-225x300.jpg\" class=\"attachment-medium size-medium\" alt=\"\" loading=\"lazy\" srcset=\"https:\/\/partycypacjaobywatelska.pl\/przestrzen\/wp-content\/uploads\/sites\/9\/2021\/06\/20210527_145820-225x300.jpg 225w, https:\/\/partycypacjaobywatelska.pl\/przestrzen\/wp-content\/uploads\/sites\/9\/2021\/06\/20210527_145820-768x1024.jpg 768w, https:\/\/partycypacjaobywatelska.pl\/przestrzen\/wp-content\/uploads\/sites\/9\/2021\/06\/20210527_145820-1152x1536.jpg 1152w, https:\/\/partycypacjaobywatelska.pl\/przestrzen\/wp-content\/uploads\/sites\/9\/2021\/06\/20210527_145820-1536x2048.jpg 1536w, https:\/\/partycypacjaobywatelska.pl\/przestrzen\/wp-content\/uploads\/sites\/9\/2021\/06\/20210527_145820-90x120.jpg 90w, https:\/\/partycypacjaobywatelska.pl\/przestrzen\/wp-content\/uploads\/sites\/9\/2021\/06\/20210527_145820-scaled.jpg 1920w\" sizes=\"(max-width: 225px) 100vw, 225px\" \/><\/a>\n\t\t\t<\/div><\/figure>\n\t\t<\/div>\n\n<p>Fot. Urz\u0105d Miasta E\u0142ku<\/p>\n","protected":false},"excerpt":{"rendered":"<p>W maju \u2013 jako kolejny element konsultacji spo\u0142ecznych \u2013 odby\u0142y si\u0119 w E\u0142ku warsztaty projektowe. Urz\u0119dnicy i mieszka\u0144cy omawiali r\u00f3\u017cne warianty planowanych rozwi\u0105za\u0144.\u00a0 Podczas spotkania zaprezentowano wyniki z wcze\u015bniejszych etap\u00f3w konsultacji, a mieszka\u0144cy mieli mo\u017cliwo\u015b\u0107 wsp\u00f3lnego stworzenia makiety dla obszaru obj\u0119tego planem, a tak\u017ce przedyskutowania wypracowanych rozwi\u0105za\u0144 przestrzennych. Fot. Urz\u0105d Miasta E\u0142ku<\/p>\n<a href=\"https:\/\/partycypacjaobywatelska.pl\/przestrzen\/2021\/06\/18\/warsztaty-projektowe-w-elku\/\" class=\"ReadMore\">Czytaj wi\u0119cej<\/a>","protected":false},"author":141,"featured_media":3320,"comment_status":"closed","ping_status":"closed","sticky":false,"template":"","format":"standard","meta":[],"categories":[31],"tags":[63],"_links":{"self":[{"href":"https:\/\/partycypacjaobywatelska.pl\/przestrzen\/wp-json\/wp\/v2\/posts\/3319"}],"collection":[{"href":"https:\/\/partycypacjaobywatelska.pl\/przestrzen\/wp-json\/wp\/v2\/posts"}],"about":[{"href":"https:\/\/partycypacjaobywatelska.pl\/przestrzen\/wp-json\/wp\/v2\/types\/post"}],"author":[{"embeddable":true,"href":"https:\/\/partycypacjaobywatelska.pl\/przestrzen\/wp-json\/wp\/v2\/users\/141"}],"replies":[{"embeddable":true,"href":"https:\/\/partycypacjaobywatelska.pl\/przestrzen\/wp-json\/wp\/v2\/comments?post=3319"}],"version-history":[{"count":6,"href":"https:\/\/partycypacjaobywatelska.pl\/przestrzen\/wp-json\/wp\/v2\/posts\/3319\/revisions"}],"predecessor-version":[{"id":3332,"href":"https:\/\/partycypacjaobywatelska.pl\/przestrzen\/wp-json\/wp\/v2\/posts\/3319\/revisions\/3332"}],"wp:featuredmedia":[{"embeddable":true,"href":"https:\/\/partycypacjaobywatelska.pl\/przestrzen\/wp-json\/wp\/v2\/media\/3320"}],"wp:attachment":[{"href":"https:\/\/partycypacjaobywatelska.pl\/przestrzen\/wp-json\/wp\/v2\/media?parent=3319"}],"wp:term":[{"taxonomy":"category","embeddable":true,"href":"https:\/\/partycypacjaobywatelska.pl\/przestrzen\/wp-json\/wp\/v2\/categories?post=3319"},{"taxonomy":"post_tag","embeddable":true,"href":"https:\/\/partycypacjaobywatelska.pl\/przestrzen\/wp-json\/wp\/v2\/tags?post=3319"}],"curies":[{"name":"wp","href":"https:\/\/api.w.org\/{rel}","templated":true}]}}