
{"id":326,"date":"2016-12-19T18:55:43","date_gmt":"2016-12-19T17:55:43","guid":{"rendered":"http:\/\/partycypacjaobywatelska.pl\/przestrzen\/?p=326"},"modified":"2017-02-06T10:26:41","modified_gmt":"2017-02-06T09:26:41","slug":"spotkanie-sieciujace-gmin-uczestniczacych-w-projekcie","status":"publish","type":"post","link":"https:\/\/partycypacjaobywatelska.pl\/przestrzen\/2016\/12\/19\/spotkanie-sieciujace-gmin-uczestniczacych-w-projekcie\/","title":{"rendered":"Spotkanie sieciuj\u0105ce gmin uczestnicz\u0105cych w projekcie"},"content":{"rendered":"<p>19 grudnia w Stoczni po raz pierwszy spotka\u0142y si\u0119 ze sob\u0105 gminy, kt\u00f3re uczestnicz\u0105 w projekcie &#8222;Przestrze\u0144 dla partycypacji&#8221;. Spotkanie by\u0142o okazj\u0105 do poznania si\u0119, wymiany do\u015bwiadcze\u0144 oraz pog\u0142\u0119bienia wiedzy na temat prowadzenia spotka\u0144 konsultacyjnych. Poprowadzili je Anna Kar\u0142owska z Fundacji Napraw Sobie Miasto i Krzysztof \u015alebioda z Pracowni Zr\u00f3wnowa\u017conego Rozwoju, a go\u015b\u0107mi specjalnymi byli p. Wojciech Wr\u00f3blewski z Ministerstwa Rozwoju oraz Monika Komorowska z Centrum Komunikacji Spo\u0142ecznej Urz\u0119du m.st. Warszawy. W kolejnych miesi\u0105cach planujemy jeszcze kilka innych okazji \/ przestrzeni do &#8222;sieciowania&#8221; gmin w naszym projekcie.<\/p>\n<div id='gallery-1' class='gallery galleryid-326 gallery-columns-3 gallery-size-thumbnail'><figure class='gallery-item'>\n\t\t\t<div class='gallery-icon landscape'>\n\t\t\t\t<a href='https:\/\/partycypacjaobywatelska.pl\/przestrzen\/wp-content\/uploads\/sites\/9\/2016\/12\/2016_pdp_spotkanie_sieciujace-42.jpg'><img width=\"150\" height=\"150\" src=\"https:\/\/partycypacjaobywatelska.pl\/przestrzen\/wp-content\/uploads\/sites\/9\/2016\/12\/2016_pdp_spotkanie_sieciujace-42-150x150.jpg\" class=\"attachment-thumbnail size-thumbnail\" alt=\"\" loading=\"lazy\" \/><\/a>\n\t\t\t<\/div><\/figure><figure class='gallery-item'>\n\t\t\t<div class='gallery-icon landscape'>\n\t\t\t\t<a href='https:\/\/partycypacjaobywatelska.pl\/przestrzen\/wp-content\/uploads\/sites\/9\/2016\/12\/2016_pdp_spotkanie_sieciujace-5.jpg'><img width=\"150\" height=\"150\" src=\"https:\/\/partycypacjaobywatelska.pl\/przestrzen\/wp-content\/uploads\/sites\/9\/2016\/12\/2016_pdp_spotkanie_sieciujace-5-150x150.jpg\" class=\"attachment-thumbnail size-thumbnail\" alt=\"\" loading=\"lazy\" \/><\/a>\n\t\t\t<\/div><\/figure><figure class='gallery-item'>\n\t\t\t<div class='gallery-icon landscape'>\n\t\t\t\t<a href='https:\/\/partycypacjaobywatelska.pl\/przestrzen\/wp-content\/uploads\/sites\/9\/2016\/12\/2016_pdp_spotkanie_sieciujace-8.jpg'><img width=\"150\" height=\"150\" src=\"https:\/\/partycypacjaobywatelska.pl\/przestrzen\/wp-content\/uploads\/sites\/9\/2016\/12\/2016_pdp_spotkanie_sieciujace-8-150x150.jpg\" class=\"attachment-thumbnail size-thumbnail\" alt=\"\" loading=\"lazy\" \/><\/a>\n\t\t\t<\/div><\/figure><figure class='gallery-item'>\n\t\t\t<div class='gallery-icon landscape'>\n\t\t\t\t<a href='https:\/\/partycypacjaobywatelska.pl\/przestrzen\/wp-content\/uploads\/sites\/9\/2016\/12\/2016_pdp_spotkanie_sieciujace-10.jpg'><img width=\"150\" height=\"150\" src=\"https:\/\/partycypacjaobywatelska.pl\/przestrzen\/wp-content\/uploads\/sites\/9\/2016\/12\/2016_pdp_spotkanie_sieciujace-10-150x150.jpg\" class=\"attachment-thumbnail size-thumbnail\" alt=\"\" loading=\"lazy\" \/><\/a>\n\t\t\t<\/div><\/figure><figure class='gallery-item'>\n\t\t\t<div class='gallery-icon landscape'>\n\t\t\t\t<a href='https:\/\/partycypacjaobywatelska.pl\/przestrzen\/wp-content\/uploads\/sites\/9\/2016\/12\/2016_pdp_spotkanie_sieciujace-19.jpg'><img width=\"150\" height=\"150\" src=\"https:\/\/partycypacjaobywatelska.pl\/przestrzen\/wp-content\/uploads\/sites\/9\/2016\/12\/2016_pdp_spotkanie_sieciujace-19-150x150.jpg\" class=\"attachment-thumbnail size-thumbnail\" alt=\"\" loading=\"lazy\" \/><\/a>\n\t\t\t<\/div><\/figure><figure class='gallery-item'>\n\t\t\t<div class='gallery-icon landscape'>\n\t\t\t\t<a href='https:\/\/partycypacjaobywatelska.pl\/przestrzen\/wp-content\/uploads\/sites\/9\/2016\/12\/2016_pdp_spotkanie_sieciujace-1.jpg'><img width=\"150\" height=\"150\" src=\"https:\/\/partycypacjaobywatelska.pl\/przestrzen\/wp-content\/uploads\/sites\/9\/2016\/12\/2016_pdp_spotkanie_sieciujace-1-150x150.jpg\" class=\"attachment-thumbnail size-thumbnail\" alt=\"\" loading=\"lazy\" \/><\/a>\n\t\t\t<\/div><\/figure><figure class='gallery-item'>\n\t\t\t<div class='gallery-icon landscape'>\n\t\t\t\t<a href='https:\/\/partycypacjaobywatelska.pl\/przestrzen\/wp-content\/uploads\/sites\/9\/2016\/12\/2016_pdp_spotkanie_sieciujace-36.jpg'><img width=\"150\" height=\"150\" src=\"https:\/\/partycypacjaobywatelska.pl\/przestrzen\/wp-content\/uploads\/sites\/9\/2016\/12\/2016_pdp_spotkanie_sieciujace-36-150x150.jpg\" class=\"attachment-thumbnail size-thumbnail\" alt=\"\" loading=\"lazy\" \/><\/a>\n\t\t\t<\/div><\/figure><figure class='gallery-item'>\n\t\t\t<div class='gallery-icon landscape'>\n\t\t\t\t<a href='https:\/\/partycypacjaobywatelska.pl\/przestrzen\/wp-content\/uploads\/sites\/9\/2016\/12\/2016_pdp_spotkanie_sieciujace-2.jpg'><img width=\"150\" height=\"150\" src=\"https:\/\/partycypacjaobywatelska.pl\/przestrzen\/wp-content\/uploads\/sites\/9\/2016\/12\/2016_pdp_spotkanie_sieciujace-2-150x150.jpg\" class=\"attachment-thumbnail size-thumbnail\" alt=\"\" loading=\"lazy\" \/><\/a>\n\t\t\t<\/div><\/figure><figure class='gallery-item'>\n\t\t\t<div class='gallery-icon landscape'>\n\t\t\t\t<a href='https:\/\/partycypacjaobywatelska.pl\/przestrzen\/wp-content\/uploads\/sites\/9\/2016\/12\/2016_pdp_spotkanie_sieciujace-21.jpg'><img width=\"150\" height=\"150\" src=\"https:\/\/partycypacjaobywatelska.pl\/przestrzen\/wp-content\/uploads\/sites\/9\/2016\/12\/2016_pdp_spotkanie_sieciujace-21-150x150.jpg\" class=\"attachment-thumbnail size-thumbnail\" alt=\"\" loading=\"lazy\" \/><\/a>\n\t\t\t<\/div><\/figure><figure class='gallery-item'>\n\t\t\t<div class='gallery-icon landscape'>\n\t\t\t\t<a href='https:\/\/partycypacjaobywatelska.pl\/przestrzen\/wp-content\/uploads\/sites\/9\/2016\/12\/2016_pdp_spotkanie_sieciujace-32.jpg'><img width=\"150\" height=\"150\" src=\"https:\/\/partycypacjaobywatelska.pl\/przestrzen\/wp-content\/uploads\/sites\/9\/2016\/12\/2016_pdp_spotkanie_sieciujace-32-150x150.jpg\" class=\"attachment-thumbnail size-thumbnail\" alt=\"\" loading=\"lazy\" \/><\/a>\n\t\t\t<\/div><\/figure><figure class='gallery-item'>\n\t\t\t<div class='gallery-icon landscape'>\n\t\t\t\t<a href='https:\/\/partycypacjaobywatelska.pl\/przestrzen\/wp-content\/uploads\/sites\/9\/2016\/12\/2016_pdp_spotkanie_sieciujace-27.jpg'><img width=\"150\" height=\"150\" src=\"https:\/\/partycypacjaobywatelska.pl\/przestrzen\/wp-content\/uploads\/sites\/9\/2016\/12\/2016_pdp_spotkanie_sieciujace-27-150x150.jpg\" class=\"attachment-thumbnail size-thumbnail\" alt=\"\" loading=\"lazy\" \/><\/a>\n\t\t\t<\/div><\/figure><figure class='gallery-item'>\n\t\t\t<div class='gallery-icon landscape'>\n\t\t\t\t<a href='https:\/\/partycypacjaobywatelska.pl\/przestrzen\/wp-content\/uploads\/sites\/9\/2016\/12\/2016_pdp_spotkanie_sieciujace-26.jpg'><img width=\"150\" height=\"150\" src=\"https:\/\/partycypacjaobywatelska.pl\/przestrzen\/wp-content\/uploads\/sites\/9\/2016\/12\/2016_pdp_spotkanie_sieciujace-26-150x150.jpg\" class=\"attachment-thumbnail size-thumbnail\" alt=\"\" loading=\"lazy\" \/><\/a>\n\t\t\t<\/div><\/figure>\n\t\t<\/div>\n\n<p>&nbsp;<\/p>\n","protected":false},"excerpt":{"rendered":"<p>19 grudnia w Stoczni po raz pierwszy spotka\u0142y si\u0119 ze sob\u0105 gminy, kt\u00f3re uczestnicz\u0105 w projekcie &#8222;Przestrze\u0144 dla partycypacji&#8221;. Spotkanie by\u0142o okazj\u0105 do poznania si\u0119, wymiany do\u015bwiadcze\u0144 oraz pog\u0142\u0119bienia wiedzy na temat prowadzenia spotka\u0144 konsultacyjnych. Poprowadzili je Anna Kar\u0142owska z Fundacji Napraw Sobie Miasto i Krzysztof \u015alebioda z Pracowni Zr\u00f3wnowa\u017conego Rozwoju, a go\u015b\u0107mi specjalnymi byli &hellip;<\/p>\n<a href=\"https:\/\/partycypacjaobywatelska.pl\/przestrzen\/2016\/12\/19\/spotkanie-sieciujace-gmin-uczestniczacych-w-projekcie\/\" class=\"ReadMore\">Czytaj wi\u0119cej<\/a>","protected":false},"author":1,"featured_media":327,"comment_status":"closed","ping_status":"closed","sticky":false,"template":"","format":"standard","meta":[],"categories":[5],"tags":[],"_links":{"self":[{"href":"https:\/\/partycypacjaobywatelska.pl\/przestrzen\/wp-json\/wp\/v2\/posts\/326"}],"collection":[{"href":"https:\/\/partycypacjaobywatelska.pl\/przestrzen\/wp-json\/wp\/v2\/posts"}],"about":[{"href":"https:\/\/partycypacjaobywatelska.pl\/przestrzen\/wp-json\/wp\/v2\/types\/post"}],"author":[{"embeddable":true,"href":"https:\/\/partycypacjaobywatelska.pl\/przestrzen\/wp-json\/wp\/v2\/users\/1"}],"replies":[{"embeddable":true,"href":"https:\/\/partycypacjaobywatelska.pl\/przestrzen\/wp-json\/wp\/v2\/comments?post=326"}],"version-history":[{"count":3,"href":"https:\/\/partycypacjaobywatelska.pl\/przestrzen\/wp-json\/wp\/v2\/posts\/326\/revisions"}],"predecessor-version":[{"id":392,"href":"https:\/\/partycypacjaobywatelska.pl\/przestrzen\/wp-json\/wp\/v2\/posts\/326\/revisions\/392"}],"wp:featuredmedia":[{"embeddable":true,"href":"https:\/\/partycypacjaobywatelska.pl\/przestrzen\/wp-json\/wp\/v2\/media\/327"}],"wp:attachment":[{"href":"https:\/\/partycypacjaobywatelska.pl\/przestrzen\/wp-json\/wp\/v2\/media?parent=326"}],"wp:term":[{"taxonomy":"category","embeddable":true,"href":"https:\/\/partycypacjaobywatelska.pl\/przestrzen\/wp-json\/wp\/v2\/categories?post=326"},{"taxonomy":"post_tag","embeddable":true,"href":"https:\/\/partycypacjaobywatelska.pl\/przestrzen\/wp-json\/wp\/v2\/tags?post=326"}],"curies":[{"name":"wp","href":"https:\/\/api.w.org\/{rel}","templated":true}]}}