
{"id":3230,"date":"2021-04-30T13:24:00","date_gmt":"2021-04-30T11:24:00","guid":{"rendered":"http:\/\/partycypacjaobywatelska.pl\/przestrzen\/?p=3230"},"modified":"2021-05-12T13:31:27","modified_gmt":"2021-05-12T11:31:27","slug":"zaplanujmy-nasze-miasto-ostatni-etap-konsultacji-w-chelmnie","status":"publish","type":"post","link":"https:\/\/partycypacjaobywatelska.pl\/przestrzen\/2021\/04\/30\/zaplanujmy-nasze-miasto-ostatni-etap-konsultacji-w-chelmnie\/","title":{"rendered":"\u201eZaplanujmy nasze miasto\u201d \u2013 ostatni etap konsultacji w Che\u0142mnie"},"content":{"rendered":"\n<p class=\"lead\">Po wielomiesi\u0119cznych konsultacjach w Che\u0142mnie zako\u0144czy\u0142y si\u0119 prace nad nowym studium uwarunkowa\u0144 i kierunk\u00f3w zagospodarowania przestrzennego.\u00a0<\/p>\n<p>W czasie konsultacji urz\u0119dnicy zrealizowali 9 spotka\u0144 otwartych i tematycznych (a w czasie spotka\u0144 \u2013 warsztaty dla dzieci) oraz 3 badania ankietowe (o tych dzia\u0142aniach mo\u017cna przeczyta\u0107 w poprzednich aktualno\u015bciach dotycz\u0105cych Che\u0142mna), a tak\u017ce rajd rowerowy ulicami miasta.<\/p>\n<p>Rajd odby\u0142 si\u0119 w<span style=\"font-size: inherit;\"> ramach Europejskiego Tygodnia Zr\u00f3wnowa\u017conego Transportu i by\u0142 pretekstem do podsumowania wniosk\u00f3w z wcze\u015bniejszych etap\u00f3w konsultacji dotycz\u0105cych kwestii transportu i przedstawienia plan\u00f3w miasta na rozw\u00f3j infrastruktury rowerowej. Udzia\u0142 w rajdzie wzi\u0119\u0142o prawie sto os\u00f3b, peletonowi przewodzi\u0142 burmistrz miasta.<\/span><\/p>\n<p><iframe loading=\"lazy\" style=\"border: none; overflow: hidden;\" src=\"https:\/\/www.facebook.com\/plugins\/video.php?height=314&amp;href=https%3A%2F%2Fwww.facebook.com%2Furzad.miasta%2Fvideos%2F643295579935328%2F&amp;show_text=false&amp;width=560\" width=\"560\" height=\"314\" frameborder=\"0\" scrolling=\"no\" allowfullscreen=\"allowfullscreen\"><\/iframe><\/p>\n<p>Konsultacje zosta\u0142y szeroko podsumowane na stronie urz\u0119du (opr\u00f3cz opisu przebiegu procesu znalaz\u0142a si\u0119 tam r\u00f3wnie\u017c prezentacja z wynikami ankiet i podsumowaniem spotka\u0144). Dodatkowo do ka\u017cdego domu w mie\u015bcie trafi\u0142a ulotka z podsumowaniem konsultacji.<\/p>\n<div id='gallery-1' class='gallery galleryid-3230 gallery-columns-3 gallery-size-medium'><figure class='gallery-item'>\n\t\t\t<div class='gallery-icon portrait'>\n\t\t\t\t<a href='https:\/\/partycypacjaobywatelska.pl\/przestrzen\/wp-content\/uploads\/sites\/9\/2021\/05\/chelmno_ulotka-1.png'><img width=\"141\" height=\"300\" src=\"https:\/\/partycypacjaobywatelska.pl\/przestrzen\/wp-content\/uploads\/sites\/9\/2021\/05\/chelmno_ulotka-1-141x300.png\" class=\"attachment-medium size-medium\" alt=\"\" loading=\"lazy\" srcset=\"https:\/\/partycypacjaobywatelska.pl\/przestrzen\/wp-content\/uploads\/sites\/9\/2021\/05\/chelmno_ulotka-1-141x300.png 141w, https:\/\/partycypacjaobywatelska.pl\/przestrzen\/wp-content\/uploads\/sites\/9\/2021\/05\/chelmno_ulotka-1-483x1024.png 483w, https:\/\/partycypacjaobywatelska.pl\/przestrzen\/wp-content\/uploads\/sites\/9\/2021\/05\/chelmno_ulotka-1-768x1630.png 768w, https:\/\/partycypacjaobywatelska.pl\/przestrzen\/wp-content\/uploads\/sites\/9\/2021\/05\/chelmno_ulotka-1-724x1536.png 724w, https:\/\/partycypacjaobywatelska.pl\/przestrzen\/wp-content\/uploads\/sites\/9\/2021\/05\/chelmno_ulotka-1-57x120.png 57w, https:\/\/partycypacjaobywatelska.pl\/przestrzen\/wp-content\/uploads\/sites\/9\/2021\/05\/chelmno_ulotka-1.png 780w\" sizes=\"(max-width: 141px) 100vw, 141px\" \/><\/a>\n\t\t\t<\/div><\/figure><figure class='gallery-item'>\n\t\t\t<div class='gallery-icon portrait'>\n\t\t\t\t<a href='https:\/\/partycypacjaobywatelska.pl\/przestrzen\/wp-content\/uploads\/sites\/9\/2021\/05\/chelmno_ulotka-2.png'><img width=\"141\" height=\"300\" src=\"https:\/\/partycypacjaobywatelska.pl\/przestrzen\/wp-content\/uploads\/sites\/9\/2021\/05\/chelmno_ulotka-2-141x300.png\" class=\"attachment-medium size-medium\" alt=\"\" loading=\"lazy\" srcset=\"https:\/\/partycypacjaobywatelska.pl\/przestrzen\/wp-content\/uploads\/sites\/9\/2021\/05\/chelmno_ulotka-2-141x300.png 141w, https:\/\/partycypacjaobywatelska.pl\/przestrzen\/wp-content\/uploads\/sites\/9\/2021\/05\/chelmno_ulotka-2-483x1024.png 483w, https:\/\/partycypacjaobywatelska.pl\/przestrzen\/wp-content\/uploads\/sites\/9\/2021\/05\/chelmno_ulotka-2-768x1630.png 768w, https:\/\/partycypacjaobywatelska.pl\/przestrzen\/wp-content\/uploads\/sites\/9\/2021\/05\/chelmno_ulotka-2-724x1536.png 724w, https:\/\/partycypacjaobywatelska.pl\/przestrzen\/wp-content\/uploads\/sites\/9\/2021\/05\/chelmno_ulotka-2-57x120.png 57w, https:\/\/partycypacjaobywatelska.pl\/przestrzen\/wp-content\/uploads\/sites\/9\/2021\/05\/chelmno_ulotka-2.png 780w\" sizes=\"(max-width: 141px) 100vw, 141px\" \/><\/a>\n\t\t\t<\/div><\/figure><figure class='gallery-item'>\n\t\t\t<div class='gallery-icon portrait'>\n\t\t\t\t<a href='https:\/\/partycypacjaobywatelska.pl\/przestrzen\/wp-content\/uploads\/sites\/9\/2021\/05\/chelmno_ulotka-3.png'><img width=\"141\" height=\"300\" src=\"https:\/\/partycypacjaobywatelska.pl\/przestrzen\/wp-content\/uploads\/sites\/9\/2021\/05\/chelmno_ulotka-3-141x300.png\" class=\"attachment-medium size-medium\" alt=\"\" loading=\"lazy\" srcset=\"https:\/\/partycypacjaobywatelska.pl\/przestrzen\/wp-content\/uploads\/sites\/9\/2021\/05\/chelmno_ulotka-3-141x300.png 141w, https:\/\/partycypacjaobywatelska.pl\/przestrzen\/wp-content\/uploads\/sites\/9\/2021\/05\/chelmno_ulotka-3-483x1024.png 483w, https:\/\/partycypacjaobywatelska.pl\/przestrzen\/wp-content\/uploads\/sites\/9\/2021\/05\/chelmno_ulotka-3-768x1630.png 768w, https:\/\/partycypacjaobywatelska.pl\/przestrzen\/wp-content\/uploads\/sites\/9\/2021\/05\/chelmno_ulotka-3-724x1536.png 724w, https:\/\/partycypacjaobywatelska.pl\/przestrzen\/wp-content\/uploads\/sites\/9\/2021\/05\/chelmno_ulotka-3-57x120.png 57w, https:\/\/partycypacjaobywatelska.pl\/przestrzen\/wp-content\/uploads\/sites\/9\/2021\/05\/chelmno_ulotka-3.png 780w\" sizes=\"(max-width: 141px) 100vw, 141px\" \/><\/a>\n\t\t\t<\/div><\/figure><figure class='gallery-item'>\n\t\t\t<div class='gallery-icon portrait'>\n\t\t\t\t<a href='https:\/\/partycypacjaobywatelska.pl\/przestrzen\/wp-content\/uploads\/sites\/9\/2021\/05\/chelmno_ulotka-4.png'><img width=\"141\" height=\"300\" src=\"https:\/\/partycypacjaobywatelska.pl\/przestrzen\/wp-content\/uploads\/sites\/9\/2021\/05\/chelmno_ulotka-4-141x300.png\" class=\"attachment-medium size-medium\" alt=\"\" loading=\"lazy\" srcset=\"https:\/\/partycypacjaobywatelska.pl\/przestrzen\/wp-content\/uploads\/sites\/9\/2021\/05\/chelmno_ulotka-4-141x300.png 141w, https:\/\/partycypacjaobywatelska.pl\/przestrzen\/wp-content\/uploads\/sites\/9\/2021\/05\/chelmno_ulotka-4-483x1024.png 483w, https:\/\/partycypacjaobywatelska.pl\/przestrzen\/wp-content\/uploads\/sites\/9\/2021\/05\/chelmno_ulotka-4-768x1630.png 768w, https:\/\/partycypacjaobywatelska.pl\/przestrzen\/wp-content\/uploads\/sites\/9\/2021\/05\/chelmno_ulotka-4-724x1536.png 724w, https:\/\/partycypacjaobywatelska.pl\/przestrzen\/wp-content\/uploads\/sites\/9\/2021\/05\/chelmno_ulotka-4-57x120.png 57w, https:\/\/partycypacjaobywatelska.pl\/przestrzen\/wp-content\/uploads\/sites\/9\/2021\/05\/chelmno_ulotka-4.png 780w\" sizes=\"(max-width: 141px) 100vw, 141px\" \/><\/a>\n\t\t\t<\/div><\/figure><figure class='gallery-item'>\n\t\t\t<div class='gallery-icon portrait'>\n\t\t\t\t<a href='https:\/\/partycypacjaobywatelska.pl\/przestrzen\/wp-content\/uploads\/sites\/9\/2021\/05\/chelmno_ulotka-5.png'><img width=\"141\" height=\"300\" src=\"https:\/\/partycypacjaobywatelska.pl\/przestrzen\/wp-content\/uploads\/sites\/9\/2021\/05\/chelmno_ulotka-5-141x300.png\" class=\"attachment-medium size-medium\" alt=\"\" loading=\"lazy\" srcset=\"https:\/\/partycypacjaobywatelska.pl\/przestrzen\/wp-content\/uploads\/sites\/9\/2021\/05\/chelmno_ulotka-5-141x300.png 141w, https:\/\/partycypacjaobywatelska.pl\/przestrzen\/wp-content\/uploads\/sites\/9\/2021\/05\/chelmno_ulotka-5-483x1024.png 483w, https:\/\/partycypacjaobywatelska.pl\/przestrzen\/wp-content\/uploads\/sites\/9\/2021\/05\/chelmno_ulotka-5-768x1630.png 768w, https:\/\/partycypacjaobywatelska.pl\/przestrzen\/wp-content\/uploads\/sites\/9\/2021\/05\/chelmno_ulotka-5-724x1536.png 724w, https:\/\/partycypacjaobywatelska.pl\/przestrzen\/wp-content\/uploads\/sites\/9\/2021\/05\/chelmno_ulotka-5-57x120.png 57w, https:\/\/partycypacjaobywatelska.pl\/przestrzen\/wp-content\/uploads\/sites\/9\/2021\/05\/chelmno_ulotka-5.png 780w\" sizes=\"(max-width: 141px) 100vw, 141px\" \/><\/a>\n\t\t\t<\/div><\/figure><figure class='gallery-item'>\n\t\t\t<div class='gallery-icon portrait'>\n\t\t\t\t<a href='https:\/\/partycypacjaobywatelska.pl\/przestrzen\/wp-content\/uploads\/sites\/9\/2021\/05\/chelmno_ulotka-6.png'><img width=\"141\" height=\"300\" src=\"https:\/\/partycypacjaobywatelska.pl\/przestrzen\/wp-content\/uploads\/sites\/9\/2021\/05\/chelmno_ulotka-6-141x300.png\" class=\"attachment-medium size-medium\" alt=\"\" loading=\"lazy\" srcset=\"https:\/\/partycypacjaobywatelska.pl\/przestrzen\/wp-content\/uploads\/sites\/9\/2021\/05\/chelmno_ulotka-6-141x300.png 141w, https:\/\/partycypacjaobywatelska.pl\/przestrzen\/wp-content\/uploads\/sites\/9\/2021\/05\/chelmno_ulotka-6-483x1024.png 483w, https:\/\/partycypacjaobywatelska.pl\/przestrzen\/wp-content\/uploads\/sites\/9\/2021\/05\/chelmno_ulotka-6-768x1630.png 768w, https:\/\/partycypacjaobywatelska.pl\/przestrzen\/wp-content\/uploads\/sites\/9\/2021\/05\/chelmno_ulotka-6-724x1536.png 724w, https:\/\/partycypacjaobywatelska.pl\/przestrzen\/wp-content\/uploads\/sites\/9\/2021\/05\/chelmno_ulotka-6-57x120.png 57w, https:\/\/partycypacjaobywatelska.pl\/przestrzen\/wp-content\/uploads\/sites\/9\/2021\/05\/chelmno_ulotka-6.png 780w\" sizes=\"(max-width: 141px) 100vw, 141px\" \/><\/a>\n\t\t\t<\/div><\/figure>\n\t\t<\/div>\n\n<div class=\"gmail_default\">\u00a0<\/div>\n<main class=\"Column-main\">\n<article class=\"Content post-3008 post type-post status-publish format-standard has-post-thumbnail hentry category-konsultacje-w-gminach tag-chelmno\">\n<div class=\"ContentBody MCE-content\">\n<p>\u0179r\u00f3d\u0142o informacji:\u00a0<a href=\"https:\/\/chelmno.pl\/pl\/zaplanujmy-nasze-miasto-podsumowanie-konsultacji-spolecznych\/\" target=\"_blank\" rel=\"noopener noreferrer\">chelmno.pl<\/a><\/p>\n<\/div>\n<\/article>\n<\/main>\n\n\n","protected":false},"excerpt":{"rendered":"<p>Po wielomiesi\u0119cznych konsultacjach w Che\u0142mnie zako\u0144czy\u0142y si\u0119 prace nad nowym studium uwarunkowa\u0144 i kierunk\u00f3w zagospodarowania przestrzennego.\u00a0 W czasie konsultacji urz\u0119dnicy zrealizowali 9 spotka\u0144 otwartych i tematycznych (a w czasie spotka\u0144 \u2013 warsztaty dla dzieci) oraz 3 badania ankietowe (o tych dzia\u0142aniach mo\u017cna przeczyta\u0107 w poprzednich aktualno\u015bciach dotycz\u0105cych Che\u0142mna), a tak\u017ce rajd rowerowy ulicami miasta. Rajd &hellip;<\/p>\n<a href=\"https:\/\/partycypacjaobywatelska.pl\/przestrzen\/2021\/04\/30\/zaplanujmy-nasze-miasto-ostatni-etap-konsultacji-w-chelmnie\/\" class=\"ReadMore\">Czytaj wi\u0119cej<\/a>","protected":false},"author":141,"featured_media":3239,"comment_status":"closed","ping_status":"closed","sticky":false,"template":"","format":"standard","meta":[],"categories":[31],"tags":[62],"_links":{"self":[{"href":"https:\/\/partycypacjaobywatelska.pl\/przestrzen\/wp-json\/wp\/v2\/posts\/3230"}],"collection":[{"href":"https:\/\/partycypacjaobywatelska.pl\/przestrzen\/wp-json\/wp\/v2\/posts"}],"about":[{"href":"https:\/\/partycypacjaobywatelska.pl\/przestrzen\/wp-json\/wp\/v2\/types\/post"}],"author":[{"embeddable":true,"href":"https:\/\/partycypacjaobywatelska.pl\/przestrzen\/wp-json\/wp\/v2\/users\/141"}],"replies":[{"embeddable":true,"href":"https:\/\/partycypacjaobywatelska.pl\/przestrzen\/wp-json\/wp\/v2\/comments?post=3230"}],"version-history":[{"count":4,"href":"https:\/\/partycypacjaobywatelska.pl\/przestrzen\/wp-json\/wp\/v2\/posts\/3230\/revisions"}],"predecessor-version":[{"id":3241,"href":"https:\/\/partycypacjaobywatelska.pl\/przestrzen\/wp-json\/wp\/v2\/posts\/3230\/revisions\/3241"}],"wp:featuredmedia":[{"embeddable":true,"href":"https:\/\/partycypacjaobywatelska.pl\/przestrzen\/wp-json\/wp\/v2\/media\/3239"}],"wp:attachment":[{"href":"https:\/\/partycypacjaobywatelska.pl\/przestrzen\/wp-json\/wp\/v2\/media?parent=3230"}],"wp:term":[{"taxonomy":"category","embeddable":true,"href":"https:\/\/partycypacjaobywatelska.pl\/przestrzen\/wp-json\/wp\/v2\/categories?post=3230"},{"taxonomy":"post_tag","embeddable":true,"href":"https:\/\/partycypacjaobywatelska.pl\/przestrzen\/wp-json\/wp\/v2\/tags?post=3230"}],"curies":[{"name":"wp","href":"https:\/\/api.w.org\/{rel}","templated":true}]}}