
{"id":3180,"date":"2020-12-01T09:59:00","date_gmt":"2020-12-01T08:59:00","guid":{"rendered":"http:\/\/partycypacjaobywatelska.pl\/przestrzen\/?p=3180"},"modified":"2021-04-13T11:34:25","modified_gmt":"2021-04-13T09:34:25","slug":"konsultacje-w-skale","status":"publish","type":"post","link":"https:\/\/partycypacjaobywatelska.pl\/przestrzen\/2020\/12\/01\/konsultacje-w-skale\/","title":{"rendered":"Konsultacje w Skale"},"content":{"rendered":"\n<p class=\"lead\">W Skale, jesieni\u0105 2020 roku, odby\u0142y si\u0119 konsultacje spo\u0142eczne dotycz\u0105ce projektu planu miejscowego dla dw\u00f3ch teren\u00f3w w obr\u0119bie cz\u0119\u015bci miejskiej i wiejskiej gminy. Urz\u0119dnicy chcieli przedyskutowa\u0107 z mieszka\u0144cami zagospodarowanie istniej\u0105cego placu targowego i terenu, kt\u00f3ry mo\u017ce pos\u0142u\u017cy\u0107 m.in. jako miejsce obs\u0142ugi turyst\u00f3w.<\/p>\n<p>Konsultacje rozpocz\u0119\u0142y si\u0119 od <strong>spotkania informacyjnego<\/strong> dla mieszka\u0144c\u00f3w na Placu Konstytucji, kt\u00f3ry pe\u0142ni funkcj\u0119 targowiska. W spotkaniu wzi\u0119\u0142o udzia\u0142 12 mieszka\u0144c\u00f3w, dwie projektantki, trzech radnych i moderatorka. G\u0142\u00f3wnym celem spotkania by\u0142o okre\u015blenie zalet i wad obecnego zagospodarowania placu.\u00a0<\/p>\n<p>G\u0142osu mieszka\u0144c\u00f3w urz\u0119dnicy wys\u0142uchiwali r\u00f3wnie\u017c w <strong>punkcie konsultacyjnym<\/strong> zorganizowanym na miejskim rynku. W du\u017cym namiocie rozstawiono m.in. map\u0119 obszaru obj\u0119tego planem, wst\u0119pny projekt planu oraz tablic\u0119 magnetyczn\u0105 na wnioski mieszka\u0144c\u00f3w. Punkt cieszy\u0142 si\u0119 du\u017cym zainteresowaniem mieszka\u0144c\u00f3w \u2013 odwiedzi\u0142o go oko\u0142o 50 os\u00f3b.<\/p>\n<div id='gallery-1' class='gallery galleryid-3180 gallery-columns-2 gallery-size-large'><figure class='gallery-item'>\n\t\t\t<div class='gallery-icon landscape'>\n\t\t\t\t<img width=\"1024\" height=\"576\" src=\"https:\/\/partycypacjaobywatelska.pl\/przestrzen\/wp-content\/uploads\/sites\/9\/2020\/12\/20200930_093851-1024x576.jpg\" class=\"attachment-large size-large\" alt=\"\" loading=\"lazy\" srcset=\"https:\/\/partycypacjaobywatelska.pl\/przestrzen\/wp-content\/uploads\/sites\/9\/2020\/12\/20200930_093851-1024x576.jpg 1024w, https:\/\/partycypacjaobywatelska.pl\/przestrzen\/wp-content\/uploads\/sites\/9\/2020\/12\/20200930_093851-300x169.jpg 300w, https:\/\/partycypacjaobywatelska.pl\/przestrzen\/wp-content\/uploads\/sites\/9\/2020\/12\/20200930_093851-768x432.jpg 768w, https:\/\/partycypacjaobywatelska.pl\/przestrzen\/wp-content\/uploads\/sites\/9\/2020\/12\/20200930_093851-1536x864.jpg 1536w, https:\/\/partycypacjaobywatelska.pl\/przestrzen\/wp-content\/uploads\/sites\/9\/2020\/12\/20200930_093851-2048x1152.jpg 2048w, https:\/\/partycypacjaobywatelska.pl\/przestrzen\/wp-content\/uploads\/sites\/9\/2020\/12\/20200930_093851-400x225.jpg 400w, https:\/\/partycypacjaobywatelska.pl\/przestrzen\/wp-content\/uploads\/sites\/9\/2020\/12\/20200930_093851-213x120.jpg 213w\" sizes=\"(max-width: 1024px) 100vw, 1024px\" \/>\n\t\t\t<\/div><\/figure><figure class='gallery-item'>\n\t\t\t<div class='gallery-icon landscape'>\n\t\t\t\t<img width=\"1024\" height=\"576\" src=\"https:\/\/partycypacjaobywatelska.pl\/przestrzen\/wp-content\/uploads\/sites\/9\/2020\/12\/20200930_093835-1024x576.jpg\" class=\"attachment-large size-large\" alt=\"\" loading=\"lazy\" srcset=\"https:\/\/partycypacjaobywatelska.pl\/przestrzen\/wp-content\/uploads\/sites\/9\/2020\/12\/20200930_093835-1024x576.jpg 1024w, https:\/\/partycypacjaobywatelska.pl\/przestrzen\/wp-content\/uploads\/sites\/9\/2020\/12\/20200930_093835-300x169.jpg 300w, https:\/\/partycypacjaobywatelska.pl\/przestrzen\/wp-content\/uploads\/sites\/9\/2020\/12\/20200930_093835-768x432.jpg 768w, https:\/\/partycypacjaobywatelska.pl\/przestrzen\/wp-content\/uploads\/sites\/9\/2020\/12\/20200930_093835-1536x864.jpg 1536w, https:\/\/partycypacjaobywatelska.pl\/przestrzen\/wp-content\/uploads\/sites\/9\/2020\/12\/20200930_093835-2048x1152.jpg 2048w, https:\/\/partycypacjaobywatelska.pl\/przestrzen\/wp-content\/uploads\/sites\/9\/2020\/12\/20200930_093835-400x225.jpg 400w, https:\/\/partycypacjaobywatelska.pl\/przestrzen\/wp-content\/uploads\/sites\/9\/2020\/12\/20200930_093835-213x120.jpg 213w\" sizes=\"(max-width: 1024px) 100vw, 1024px\" \/>\n\t\t\t<\/div><\/figure>\n\t\t<\/div>\n\n<p>Punkt konsultacyjny. Fot. Urz\u0105d Gminy Ska\u0142a<\/p>\n<p>Elementem konsultacji by\u0142 te\u017c <strong>spacer badawczy<\/strong>. Odby\u0142 si\u0119 wzd\u0142u\u017c drogi prowadz\u0105cej z centrum Ska\u0142y do le\u017c\u0105cego w s\u0105siedztwie Ojcowskiego Parku Narodowego. Ze wzgl\u0119du na niepogod\u0119 (i pogarszaj\u0105c\u0105 si\u0119 sytuacj\u0119 epidemiczn\u0105) frekwencja na spacerze by\u0142a jednak niska.<\/p>\n<p>W czasie konsultacji dla mieszka\u0144c\u00f3w i turyst\u00f3w dost\u0119pna by\u0142a <strong>ankieta<\/strong>. Ci pierwsi mogli uzupe\u0142ni\u0107 j\u0105 w internecie (skorzysta\u0142o z tej mo\u017cliwo\u015bci prawie 80 os\u00f3b) albo na targowisku (70 ankiet), a drudzy \u2013 w wersji papierowej, podczas odwiedzin w Ojcowskim Parku Narodowym (pracownicy urz\u0119du rozdawali ankiety na parkingu przy parku, wype\u0142niono j\u0105 oko\u0142o 70 os\u00f3b).\u00a0<\/p>\n","protected":false},"excerpt":{"rendered":"<p>W Skale, jesieni\u0105 2020 roku, odby\u0142y si\u0119 konsultacje spo\u0142eczne dotycz\u0105ce projektu planu miejscowego dla dw\u00f3ch teren\u00f3w w obr\u0119bie cz\u0119\u015bci miejskiej i wiejskiej gminy. Urz\u0119dnicy chcieli przedyskutowa\u0107 z mieszka\u0144cami zagospodarowanie istniej\u0105cego placu targowego i terenu, kt\u00f3ry mo\u017ce pos\u0142u\u017cy\u0107 m.in. jako miejsce obs\u0142ugi turyst\u00f3w. Konsultacje rozpocz\u0119\u0142y si\u0119 od spotkania informacyjnego dla mieszka\u0144c\u00f3w na Placu Konstytucji, kt\u00f3ry pe\u0142ni &hellip;<\/p>\n<a href=\"https:\/\/partycypacjaobywatelska.pl\/przestrzen\/2020\/12\/01\/konsultacje-w-skale\/\" class=\"ReadMore\">Czytaj wi\u0119cej<\/a>","protected":false},"author":141,"featured_media":3193,"comment_status":"closed","ping_status":"closed","sticky":false,"template":"","format":"standard","meta":[],"categories":[31],"tags":[],"_links":{"self":[{"href":"https:\/\/partycypacjaobywatelska.pl\/przestrzen\/wp-json\/wp\/v2\/posts\/3180"}],"collection":[{"href":"https:\/\/partycypacjaobywatelska.pl\/przestrzen\/wp-json\/wp\/v2\/posts"}],"about":[{"href":"https:\/\/partycypacjaobywatelska.pl\/przestrzen\/wp-json\/wp\/v2\/types\/post"}],"author":[{"embeddable":true,"href":"https:\/\/partycypacjaobywatelska.pl\/przestrzen\/wp-json\/wp\/v2\/users\/141"}],"replies":[{"embeddable":true,"href":"https:\/\/partycypacjaobywatelska.pl\/przestrzen\/wp-json\/wp\/v2\/comments?post=3180"}],"version-history":[{"count":7,"href":"https:\/\/partycypacjaobywatelska.pl\/przestrzen\/wp-json\/wp\/v2\/posts\/3180\/revisions"}],"predecessor-version":[{"id":3192,"href":"https:\/\/partycypacjaobywatelska.pl\/przestrzen\/wp-json\/wp\/v2\/posts\/3180\/revisions\/3192"}],"wp:featuredmedia":[{"embeddable":true,"href":"https:\/\/partycypacjaobywatelska.pl\/przestrzen\/wp-json\/wp\/v2\/media\/3193"}],"wp:attachment":[{"href":"https:\/\/partycypacjaobywatelska.pl\/przestrzen\/wp-json\/wp\/v2\/media?parent=3180"}],"wp:term":[{"taxonomy":"category","embeddable":true,"href":"https:\/\/partycypacjaobywatelska.pl\/przestrzen\/wp-json\/wp\/v2\/categories?post=3180"},{"taxonomy":"post_tag","embeddable":true,"href":"https:\/\/partycypacjaobywatelska.pl\/przestrzen\/wp-json\/wp\/v2\/tags?post=3180"}],"curies":[{"name":"wp","href":"https:\/\/api.w.org\/{rel}","templated":true}]}}