
{"id":3143,"date":"2021-04-09T13:50:00","date_gmt":"2021-04-09T11:50:00","guid":{"rendered":"http:\/\/partycypacjaobywatelska.pl\/przestrzen\/?p=3143"},"modified":"2021-05-14T12:05:06","modified_gmt":"2021-05-14T10:05:06","slug":"rozpoczely-sie-konsultacje-w-elku","status":"publish","type":"post","link":"https:\/\/partycypacjaobywatelska.pl\/przestrzen\/2021\/04\/09\/rozpoczely-sie-konsultacje-w-elku\/","title":{"rendered":"Rozpocz\u0119\u0142y si\u0119 konsultacje w E\u0142ku"},"content":{"rendered":"\n<p class=\"lead\">Mimo trwaj\u0105cej od ponad roku epidemii w E\u0142ku rozpocz\u0119\u0142y si\u0119 konsultacje spo\u0142eczne dotycz\u0105ce planu miejscowego dla okolic stadionu miejskiego.<\/p>\n<p>Na pocz\u0105tku kwietnia urz\u0105d miasta zaprosi\u0142 mieszka\u0144c\u00f3w i mieszkanki na odbywaj\u0105ce si\u0119 on-line <strong>spotkanie otwarcia<\/strong>. Go\u015bci spotkania przywita\u0142 prezydent miasta, a przedstawicielka wydzia\u0142u zajmuj\u0105cego si\u0119 planowaniem przestrzennym zrobi\u0142a wprowadzenie do tematu planowania, t\u0142umacz\u0105c, czym s\u0105 poszczeg\u00f3lne dokumenty planistyczne i jak s\u0105 tworzone. W spotkaniu wzi\u0119li te\u017c udzia\u0142 cz\u0142onkowie zespo\u0142u wspieraj\u0105cego miasto w konsultacjach spo\u0142ecznych dotycz\u0105cych planu miejscowego.<\/p>\n<p><iframe loading=\"lazy\" title=\"Konferencja nt. Planowania Przestrzennego i konsultacji spo\u0142ecznych\" width=\"500\" height=\"281\" src=\"https:\/\/www.youtube.com\/embed\/lMMPs5VglwU?feature=oembed\" frameborder=\"0\" allow=\"accelerometer; autoplay; clipboard-write; encrypted-media; gyroscope; picture-in-picture\" allowfullscreen><\/iframe><\/p>\n<p>Urz\u0119dnicy przygotowali tak\u017ce <strong>cykl spot\u00f3w informacyjno-edukacyjnych<\/strong>, b\u0119d\u0105cych przyst\u0119pnym<span style=\"font-weight: 400;\"> przewodnikiem po planowaniu przestrzennym i konsultacjach spo\u0142ecznych. Spoty w graficznej formie wyja\u015bniaj\u0105 proces powstawania studium i planu miejscowego oraz pokazuj\u0105, kiedy (na jakich etapach tego procesu) mieszka\u0144cy mog\u0105 si\u0119 w\u0142\u0105czy\u0107 i podzieli\u0107 swoimi uwagami. Jeden z nich zosta\u0142 stworzony jako zaproszenie do udzia\u0142u w konsultacjach na temat planu miejscowego dla okolic stadionu miejskiego.<\/span><\/p>\n<p><iframe loading=\"lazy\" title=\"Zaproszenie do konsultacji\" width=\"500\" height=\"281\" src=\"https:\/\/www.youtube.com\/embed\/m-xJT4JN1JY?feature=oembed\" frameborder=\"0\" allow=\"accelerometer; autoplay; clipboard-write; encrypted-media; gyroscope; picture-in-picture\" allowfullscreen><\/iframe><\/p>\n<p><iframe loading=\"lazy\" title=\"konsultacje\" width=\"500\" height=\"281\" src=\"https:\/\/www.youtube.com\/embed\/TCTbHmulhWA?feature=oembed\" frameborder=\"0\" allow=\"accelerometer; autoplay; clipboard-write; encrypted-media; gyroscope; picture-in-picture\" allowfullscreen><\/iframe><\/p>\n<p>Wraz ze startem konsultacji ruszy\u0142a <strong>ankieta internetowa<\/strong> dotycz\u0105ca zagospodarowania terenu planu. Na najbli\u017csze tygodnie zaplanowane s\u0105 z kolei <strong>punkty<\/strong> i <strong>dy\u017cury konsultacyjne <\/strong>oraz <strong>warsztaty projektowe<\/strong>.<\/p>\n<p>\u0179r\u00f3d\u0142o informacji: <a href=\"https:\/\/www.elk.pl\/ogloszenie\/417\/konsultacje-spoleczne\" target=\"_blank\" rel=\"noopener noreferrer\">www.elk.pl<\/a><\/p>\n","protected":false},"excerpt":{"rendered":"<p>Mimo trwaj\u0105cej od ponad roku epidemii w E\u0142ku rozpocz\u0119\u0142y si\u0119 konsultacje spo\u0142eczne dotycz\u0105ce planu miejscowego dla okolic stadionu miejskiego. Na pocz\u0105tku kwietnia urz\u0105d miasta zaprosi\u0142 mieszka\u0144c\u00f3w i mieszkanki na odbywaj\u0105ce si\u0119 on-line spotkanie otwarcia. Go\u015bci spotkania przywita\u0142 prezydent miasta, a przedstawicielka wydzia\u0142u zajmuj\u0105cego si\u0119 planowaniem przestrzennym zrobi\u0142a wprowadzenie do tematu planowania, t\u0142umacz\u0105c, czym s\u0105 poszczeg\u00f3lne &hellip;<\/p>\n<a href=\"https:\/\/partycypacjaobywatelska.pl\/przestrzen\/2021\/04\/09\/rozpoczely-sie-konsultacje-w-elku\/\" class=\"ReadMore\">Czytaj wi\u0119cej<\/a>","protected":false},"author":141,"featured_media":3151,"comment_status":"closed","ping_status":"closed","sticky":false,"template":"","format":"standard","meta":[],"categories":[31],"tags":[],"_links":{"self":[{"href":"https:\/\/partycypacjaobywatelska.pl\/przestrzen\/wp-json\/wp\/v2\/posts\/3143"}],"collection":[{"href":"https:\/\/partycypacjaobywatelska.pl\/przestrzen\/wp-json\/wp\/v2\/posts"}],"about":[{"href":"https:\/\/partycypacjaobywatelska.pl\/przestrzen\/wp-json\/wp\/v2\/types\/post"}],"author":[{"embeddable":true,"href":"https:\/\/partycypacjaobywatelska.pl\/przestrzen\/wp-json\/wp\/v2\/users\/141"}],"replies":[{"embeddable":true,"href":"https:\/\/partycypacjaobywatelska.pl\/przestrzen\/wp-json\/wp\/v2\/comments?post=3143"}],"version-history":[{"count":9,"href":"https:\/\/partycypacjaobywatelska.pl\/przestrzen\/wp-json\/wp\/v2\/posts\/3143\/revisions"}],"predecessor-version":[{"id":3272,"href":"https:\/\/partycypacjaobywatelska.pl\/przestrzen\/wp-json\/wp\/v2\/posts\/3143\/revisions\/3272"}],"wp:featuredmedia":[{"embeddable":true,"href":"https:\/\/partycypacjaobywatelska.pl\/przestrzen\/wp-json\/wp\/v2\/media\/3151"}],"wp:attachment":[{"href":"https:\/\/partycypacjaobywatelska.pl\/przestrzen\/wp-json\/wp\/v2\/media?parent=3143"}],"wp:term":[{"taxonomy":"category","embeddable":true,"href":"https:\/\/partycypacjaobywatelska.pl\/przestrzen\/wp-json\/wp\/v2\/categories?post=3143"},{"taxonomy":"post_tag","embeddable":true,"href":"https:\/\/partycypacjaobywatelska.pl\/przestrzen\/wp-json\/wp\/v2\/tags?post=3143"}],"curies":[{"name":"wp","href":"https:\/\/api.w.org\/{rel}","templated":true}]}}