
{"id":3137,"date":"2021-03-17T10:21:57","date_gmt":"2021-03-17T09:21:57","guid":{"rendered":"http:\/\/partycypacjaobywatelska.pl\/przestrzen\/?p=3137"},"modified":"2021-03-17T10:21:58","modified_gmt":"2021-03-17T09:21:58","slug":"wyniki-naboru-uzupelniajacego-gmin-do-projektu","status":"publish","type":"post","link":"https:\/\/partycypacjaobywatelska.pl\/przestrzen\/2021\/03\/17\/wyniki-naboru-uzupelniajacego-gmin-do-projektu\/","title":{"rendered":"Wyniki naboru uzupe\u0142niaj\u0105cego gmin do projektu"},"content":{"rendered":"\n<p>Informujemy, \u017ce w ramach naboru uzupe\u0142niaj\u0105cego do projektu \u201ePrzestrze\u0144 dla partycypacji 2\u2033 przyj\u0119te zosta\u0142y nast\u0119puj\u0105ce gminy (stan na: 17.03.2021):<\/p>\n<ol>\n<li>KARGOWA<\/li>\n<li>K\u00d3RNIK<\/li>\n<li>\u0141OM\u017bA (gmina)<\/li>\n<li>MROCZA<\/li>\n<li>MUROWANA GO\u015aLINA<\/li>\n<li>WIERZCHOS\u0141AWICE<\/li>\n<li>ZGORZELEC<\/li>\n<\/ol>\n<p>Lista wszystkich zg\u0142oszonych gmin w ramach naboru uzupe\u0142niaj\u0105cego: <a href=\"http:\/\/partycypacjaobywatelska.pl\/przestrzen\/wp-content\/uploads\/sites\/9\/2021\/03\/lista-gmin_przestrzen-dla-partycypacji-2_inabor_uzupelniajacy_17-03-2021.pdf\">TUTAJ<\/a><\/p>\n","protected":false},"excerpt":{"rendered":"<p>Informujemy, \u017ce w ramach naboru uzupe\u0142niaj\u0105cego do projektu \u201ePrzestrze\u0144 dla partycypacji 2\u2033 przyj\u0119te zosta\u0142y nast\u0119puj\u0105ce gminy (stan na: 17.03.2021): KARGOWA K\u00d3RNIK \u0141OM\u017bA (gmina) MROCZA MUROWANA GO\u015aLINA WIERZCHOS\u0141AWICE ZGORZELEC Lista wszystkich zg\u0142oszonych gmin w ramach naboru uzupe\u0142niaj\u0105cego: TUTAJ<\/p>\n<a href=\"https:\/\/partycypacjaobywatelska.pl\/przestrzen\/2021\/03\/17\/wyniki-naboru-uzupelniajacego-gmin-do-projektu\/\" class=\"ReadMore\">Czytaj wi\u0119cej<\/a>","protected":false},"author":163,"featured_media":3079,"comment_status":"closed","ping_status":"closed","sticky":false,"template":"","format":"standard","meta":[],"categories":[4],"tags":[],"_links":{"self":[{"href":"https:\/\/partycypacjaobywatelska.pl\/przestrzen\/wp-json\/wp\/v2\/posts\/3137"}],"collection":[{"href":"https:\/\/partycypacjaobywatelska.pl\/przestrzen\/wp-json\/wp\/v2\/posts"}],"about":[{"href":"https:\/\/partycypacjaobywatelska.pl\/przestrzen\/wp-json\/wp\/v2\/types\/post"}],"author":[{"embeddable":true,"href":"https:\/\/partycypacjaobywatelska.pl\/przestrzen\/wp-json\/wp\/v2\/users\/163"}],"replies":[{"embeddable":true,"href":"https:\/\/partycypacjaobywatelska.pl\/przestrzen\/wp-json\/wp\/v2\/comments?post=3137"}],"version-history":[{"count":1,"href":"https:\/\/partycypacjaobywatelska.pl\/przestrzen\/wp-json\/wp\/v2\/posts\/3137\/revisions"}],"predecessor-version":[{"id":3139,"href":"https:\/\/partycypacjaobywatelska.pl\/przestrzen\/wp-json\/wp\/v2\/posts\/3137\/revisions\/3139"}],"wp:featuredmedia":[{"embeddable":true,"href":"https:\/\/partycypacjaobywatelska.pl\/przestrzen\/wp-json\/wp\/v2\/media\/3079"}],"wp:attachment":[{"href":"https:\/\/partycypacjaobywatelska.pl\/przestrzen\/wp-json\/wp\/v2\/media?parent=3137"}],"wp:term":[{"taxonomy":"category","embeddable":true,"href":"https:\/\/partycypacjaobywatelska.pl\/przestrzen\/wp-json\/wp\/v2\/categories?post=3137"},{"taxonomy":"post_tag","embeddable":true,"href":"https:\/\/partycypacjaobywatelska.pl\/przestrzen\/wp-json\/wp\/v2\/tags?post=3137"}],"curies":[{"name":"wp","href":"https:\/\/api.w.org\/{rel}","templated":true}]}}