
{"id":2873,"date":"2019-12-19T17:24:49","date_gmt":"2019-12-19T16:24:49","guid":{"rendered":"http:\/\/partycypacjaobywatelska.pl\/przestrzen\/?p=2873"},"modified":"2020-01-02T17:44:33","modified_gmt":"2020-01-02T16:44:33","slug":"stare-miasto-odnowa-zakonczenie-konsultacji-w-rawiczu","status":"publish","type":"post","link":"https:\/\/partycypacjaobywatelska.pl\/przestrzen\/2019\/12\/19\/stare-miasto-odnowa-zakonczenie-konsultacji-w-rawiczu\/","title":{"rendered":"Stare Miasto (od)nowa &#8211; zako\u0144czenie konsultacji w Rawiczu"},"content":{"rendered":"<p class=\"lead\">W Rawiczu zako\u0144czy\u0142y si\u0119 konsultacje spo\u0142eczne dotycz\u0105ce planu miejscowego dla obszaru Starego Miasta, obejmuj\u0105cego m.in. Plac Wolno\u015bci i targowisko miejskie.<\/p>\n<p>W ramach konsultacji odby\u0142y si\u0119: <a href=\"http:\/\/partycypacjaobywatelska.pl\/przestrzen\/2019\/09\/11\/world-cafe-w-rawiczu\/\" target=\"_blank\">spotkanie otwarte w formule world caf\u00e9<\/a>, punkty konsultacyjne i spacery badawcze po\u00a0r\u00f3\u017cnych cz\u0119\u015bciach Star\u00f3wki. Mieszka\u0144cy mieli r\u00f3wnie\u017c mo\u017cliwo\u015b\u0107 wzi\u0105\u0107 udzia\u0142 w konsultacjach, wype\u0142niaj\u0105c ankiet\u0119 internetow\u0105.<\/p>\n<div id='gallery-1' class='gallery galleryid-2873 gallery-columns-3 gallery-size-medium'><figure class='gallery-item'>\n\t\t\t<div class='gallery-icon landscape'>\n\t\t\t\t<a href='https:\/\/partycypacjaobywatelska.pl\/przestrzen\/wp-content\/uploads\/sites\/9\/2020\/01\/dsc_0912.jpg'><img width=\"300\" height=\"200\" src=\"https:\/\/partycypacjaobywatelska.pl\/przestrzen\/wp-content\/uploads\/sites\/9\/2020\/01\/dsc_0912-300x200.jpg\" class=\"attachment-medium size-medium\" alt=\"\" loading=\"lazy\" srcset=\"https:\/\/partycypacjaobywatelska.pl\/przestrzen\/wp-content\/uploads\/sites\/9\/2020\/01\/dsc_0912-300x200.jpg 300w, https:\/\/partycypacjaobywatelska.pl\/przestrzen\/wp-content\/uploads\/sites\/9\/2020\/01\/dsc_0912-1024x683.jpg 1024w, https:\/\/partycypacjaobywatelska.pl\/przestrzen\/wp-content\/uploads\/sites\/9\/2020\/01\/dsc_0912-180x120.jpg 180w\" sizes=\"(max-width: 300px) 100vw, 300px\" \/><\/a>\n\t\t\t<\/div><\/figure><figure class='gallery-item'>\n\t\t\t<div class='gallery-icon landscape'>\n\t\t\t\t<a href='https:\/\/partycypacjaobywatelska.pl\/przestrzen\/wp-content\/uploads\/sites\/9\/2020\/01\/dsc_0913.jpg'><img width=\"300\" height=\"200\" src=\"https:\/\/partycypacjaobywatelska.pl\/przestrzen\/wp-content\/uploads\/sites\/9\/2020\/01\/dsc_0913-300x200.jpg\" class=\"attachment-medium size-medium\" alt=\"\" loading=\"lazy\" srcset=\"https:\/\/partycypacjaobywatelska.pl\/przestrzen\/wp-content\/uploads\/sites\/9\/2020\/01\/dsc_0913-300x200.jpg 300w, https:\/\/partycypacjaobywatelska.pl\/przestrzen\/wp-content\/uploads\/sites\/9\/2020\/01\/dsc_0913-1024x683.jpg 1024w, https:\/\/partycypacjaobywatelska.pl\/przestrzen\/wp-content\/uploads\/sites\/9\/2020\/01\/dsc_0913-180x120.jpg 180w\" sizes=\"(max-width: 300px) 100vw, 300px\" \/><\/a>\n\t\t\t<\/div><\/figure><figure class='gallery-item'>\n\t\t\t<div class='gallery-icon landscape'>\n\t\t\t\t<a href='https:\/\/partycypacjaobywatelska.pl\/przestrzen\/wp-content\/uploads\/sites\/9\/2020\/01\/dsc_0918.jpg'><img width=\"300\" height=\"200\" src=\"https:\/\/partycypacjaobywatelska.pl\/przestrzen\/wp-content\/uploads\/sites\/9\/2020\/01\/dsc_0918-300x200.jpg\" class=\"attachment-medium size-medium\" alt=\"\" loading=\"lazy\" srcset=\"https:\/\/partycypacjaobywatelska.pl\/przestrzen\/wp-content\/uploads\/sites\/9\/2020\/01\/dsc_0918-300x200.jpg 300w, https:\/\/partycypacjaobywatelska.pl\/przestrzen\/wp-content\/uploads\/sites\/9\/2020\/01\/dsc_0918-1024x683.jpg 1024w, https:\/\/partycypacjaobywatelska.pl\/przestrzen\/wp-content\/uploads\/sites\/9\/2020\/01\/dsc_0918-180x120.jpg 180w\" sizes=\"(max-width: 300px) 100vw, 300px\" \/><\/a>\n\t\t\t<\/div><\/figure><figure class='gallery-item'>\n\t\t\t<div class='gallery-icon landscape'>\n\t\t\t\t<a href='https:\/\/partycypacjaobywatelska.pl\/przestrzen\/wp-content\/uploads\/sites\/9\/2020\/01\/bunkier2.jpg'><img width=\"300\" height=\"169\" src=\"https:\/\/partycypacjaobywatelska.pl\/przestrzen\/wp-content\/uploads\/sites\/9\/2020\/01\/bunkier2-300x169.jpg\" class=\"attachment-medium size-medium\" alt=\"\" loading=\"lazy\" srcset=\"https:\/\/partycypacjaobywatelska.pl\/przestrzen\/wp-content\/uploads\/sites\/9\/2020\/01\/bunkier2-300x169.jpg 300w, https:\/\/partycypacjaobywatelska.pl\/przestrzen\/wp-content\/uploads\/sites\/9\/2020\/01\/bunkier2-400x225.jpg 400w, https:\/\/partycypacjaobywatelska.pl\/przestrzen\/wp-content\/uploads\/sites\/9\/2020\/01\/bunkier2-213x120.jpg 213w, https:\/\/partycypacjaobywatelska.pl\/przestrzen\/wp-content\/uploads\/sites\/9\/2020\/01\/bunkier2.jpg 960w\" sizes=\"(max-width: 300px) 100vw, 300px\" \/><\/a>\n\t\t\t<\/div><\/figure><figure class='gallery-item'>\n\t\t\t<div class='gallery-icon landscape'>\n\t\t\t\t<a href='https:\/\/partycypacjaobywatelska.pl\/przestrzen\/wp-content\/uploads\/sites\/9\/2020\/01\/targ5.jpg'><img width=\"300\" height=\"169\" src=\"https:\/\/partycypacjaobywatelska.pl\/przestrzen\/wp-content\/uploads\/sites\/9\/2020\/01\/targ5-300x169.jpg\" class=\"attachment-medium size-medium\" alt=\"\" loading=\"lazy\" srcset=\"https:\/\/partycypacjaobywatelska.pl\/przestrzen\/wp-content\/uploads\/sites\/9\/2020\/01\/targ5-300x169.jpg 300w, https:\/\/partycypacjaobywatelska.pl\/przestrzen\/wp-content\/uploads\/sites\/9\/2020\/01\/targ5-400x225.jpg 400w, https:\/\/partycypacjaobywatelska.pl\/przestrzen\/wp-content\/uploads\/sites\/9\/2020\/01\/targ5-213x120.jpg 213w, https:\/\/partycypacjaobywatelska.pl\/przestrzen\/wp-content\/uploads\/sites\/9\/2020\/01\/targ5.jpg 960w\" sizes=\"(max-width: 300px) 100vw, 300px\" \/><\/a>\n\t\t\t<\/div><\/figure><figure class='gallery-item'>\n\t\t\t<div class='gallery-icon landscape'>\n\t\t\t\t<a href='https:\/\/partycypacjaobywatelska.pl\/przestrzen\/wp-content\/uploads\/sites\/9\/2020\/01\/targ2.jpg'><img width=\"300\" height=\"169\" src=\"https:\/\/partycypacjaobywatelska.pl\/przestrzen\/wp-content\/uploads\/sites\/9\/2020\/01\/targ2-300x169.jpg\" class=\"attachment-medium size-medium\" alt=\"\" loading=\"lazy\" srcset=\"https:\/\/partycypacjaobywatelska.pl\/przestrzen\/wp-content\/uploads\/sites\/9\/2020\/01\/targ2-300x169.jpg 300w, https:\/\/partycypacjaobywatelska.pl\/przestrzen\/wp-content\/uploads\/sites\/9\/2020\/01\/targ2-400x225.jpg 400w, https:\/\/partycypacjaobywatelska.pl\/przestrzen\/wp-content\/uploads\/sites\/9\/2020\/01\/targ2-213x120.jpg 213w, https:\/\/partycypacjaobywatelska.pl\/przestrzen\/wp-content\/uploads\/sites\/9\/2020\/01\/targ2.jpg 960w\" sizes=\"(max-width: 300px) 100vw, 300px\" \/><\/a>\n\t\t\t<\/div><\/figure>\n\t\t<\/div>\n\n<p style=\"text-align: center;\">Punkty konsultacyjne. Zdj\u0119cia pochodz\u0105 ze strony\u00a0<a href=\"http:\/\/www.rawicz.pl\/staremiastoodnowa.html\" target=\"_blank\">www.rawicz.pl<\/a><\/p>\n<p>W czasie konsultacji urz\u0119dnicy pytali mieszka\u0144c\u00f3w o ca\u0142y obszar obj\u0119ty planem (jakich funckji na nim brakuje? co si\u0119 na nim nie sprawdza? co w nim przeszkadza, a co si\u0119 podoba?) oraz o wybrane przestrzenie publiczne w obszarze Starego Miasta, m.in. o Plac Wolno\u015bci i miejskie targowisko.<\/p>\n<p>Podsumowanie konsultacji, w tym wnioski z rozm\u00f3w z mieszka\u0144cami, znalaz\u0142o si\u0119 <a href=\"http:\/\/partycypacjaobywatelska.pl\/przestrzen\/wp-content\/uploads\/sites\/9\/2019\/09\/rawicz-raport-podsumowujacy.pdf\">w tym raporcie<\/a>.<\/p>\n<p>\u0179r\u00f3d\u0142o informacji:\u00a0<a href=\"http:\/\/www.rawicz.pl\/staremiastoodnowa.html\" target=\"_blank\">www.rawicz.pl<\/a><\/p>\n","protected":false},"excerpt":{"rendered":"<p>W Rawiczu zako\u0144czy\u0142y si\u0119 konsultacje spo\u0142eczne dotycz\u0105ce planu miejscowego dla obszaru Starego Miasta, obejmuj\u0105cego m.in. Plac Wolno\u015bci i targowisko miejskie. W ramach konsultacji odby\u0142y si\u0119: spotkanie otwarte w formule world caf\u00e9, punkty konsultacyjne i spacery badawcze po\u00a0r\u00f3\u017cnych cz\u0119\u015bciach Star\u00f3wki. Mieszka\u0144cy mieli r\u00f3wnie\u017c mo\u017cliwo\u015b\u0107 wzi\u0105\u0107 udzia\u0142 w konsultacjach, wype\u0142niaj\u0105c ankiet\u0119 internetow\u0105. Punkty konsultacyjne. Zdj\u0119cia pochodz\u0105 ze &hellip;<\/p>\n<a href=\"https:\/\/partycypacjaobywatelska.pl\/przestrzen\/2019\/12\/19\/stare-miasto-odnowa-zakonczenie-konsultacji-w-rawiczu\/\" class=\"ReadMore\">Czytaj wi\u0119cej<\/a>","protected":false},"author":141,"featured_media":2879,"comment_status":"closed","ping_status":"closed","sticky":false,"template":"","format":"standard","meta":[],"categories":[31],"tags":[56],"_links":{"self":[{"href":"https:\/\/partycypacjaobywatelska.pl\/przestrzen\/wp-json\/wp\/v2\/posts\/2873"}],"collection":[{"href":"https:\/\/partycypacjaobywatelska.pl\/przestrzen\/wp-json\/wp\/v2\/posts"}],"about":[{"href":"https:\/\/partycypacjaobywatelska.pl\/przestrzen\/wp-json\/wp\/v2\/types\/post"}],"author":[{"embeddable":true,"href":"https:\/\/partycypacjaobywatelska.pl\/przestrzen\/wp-json\/wp\/v2\/users\/141"}],"replies":[{"embeddable":true,"href":"https:\/\/partycypacjaobywatelska.pl\/przestrzen\/wp-json\/wp\/v2\/comments?post=2873"}],"version-history":[{"count":5,"href":"https:\/\/partycypacjaobywatelska.pl\/przestrzen\/wp-json\/wp\/v2\/posts\/2873\/revisions"}],"predecessor-version":[{"id":2894,"href":"https:\/\/partycypacjaobywatelska.pl\/przestrzen\/wp-json\/wp\/v2\/posts\/2873\/revisions\/2894"}],"wp:featuredmedia":[{"embeddable":true,"href":"https:\/\/partycypacjaobywatelska.pl\/przestrzen\/wp-json\/wp\/v2\/media\/2879"}],"wp:attachment":[{"href":"https:\/\/partycypacjaobywatelska.pl\/przestrzen\/wp-json\/wp\/v2\/media?parent=2873"}],"wp:term":[{"taxonomy":"category","embeddable":true,"href":"https:\/\/partycypacjaobywatelska.pl\/przestrzen\/wp-json\/wp\/v2\/categories?post=2873"},{"taxonomy":"post_tag","embeddable":true,"href":"https:\/\/partycypacjaobywatelska.pl\/przestrzen\/wp-json\/wp\/v2\/tags?post=2873"}],"curies":[{"name":"wp","href":"https:\/\/api.w.org\/{rel}","templated":true}]}}