
{"id":2852,"date":"2019-12-31T15:30:22","date_gmt":"2019-12-31T14:30:22","guid":{"rendered":"http:\/\/partycypacjaobywatelska.pl\/przestrzen\/?p=2852"},"modified":"2020-01-02T17:11:18","modified_gmt":"2020-01-02T16:11:18","slug":"koniec-konsultacji-wezsiezazielen-w-koninie","status":"publish","type":"post","link":"https:\/\/partycypacjaobywatelska.pl\/przestrzen\/2019\/12\/31\/koniec-konsultacji-wezsiezazielen-w-koninie\/","title":{"rendered":"Koniec konsultacji #We\u017aSi\u0119ZaZiele\u0144 w Koninie"},"content":{"rendered":"<p class=\"lead\">W Koninie zako\u0144czy\u0142y si\u0119 konsultacje z mieszka\u0144cami dotycz\u0105ce teren\u00f3w zielonych. Odbywa\u0142y si\u0119 na potrzeby prac nad studium dla miasta.<\/p>\n<p>Celem konsultacji #We\u017aSi\u0119ZaZiele\u0144 by\u0142o pozyskanie opinii mieszka\u0144c\u00f3w Konina dotycz\u0105cych korzystania z teren\u00f3w zielonych w mie\u015bcie i ich zagospodarowania.<\/p>\n<p>W ramach konsultacji odby\u0142y si\u0119: spotkanie otwarcia, punkty konsultacyjne oraz warsztaty urbanistyczne. Urz\u0119dnicy przygotowali tak\u017ce\u00a0ankiet\u0119 i geoankiet\u0119.<\/p>\n<p>Podczas spotkania otwarcia mieszka\u0144cy mogli dowiedzie\u0107 si\u0119 o planach\u00a0miasta\u00a0dotycz\u0105cych studium i zapozna\u0107 si\u0119 z etapami uchwalania tego dokumentu. Spotkanie\u00a0mia\u0142o elementy\u00a0zabawy &#8211; na dzieci czeka\u0142a makieta urbanistyczna i r\u00f3\u017cne rozrywki na powietrzu, a na doros\u0142ych &#8211; spacer urbanistyczny po Dolinie Warty.<\/p>\n<p>Urz\u0119dnicy zorganizowali r\u00f3wnie\u017c punkty konsultacyjne w trzech r\u00f3\u017cnych miejscach, dzi\u0119ki czemu mogli je odwiedzi\u0107 mieszka\u0144cy r\u00f3\u017cnych cz\u0119\u015bci miasta. W punktach mo\u017cna by\u0142o\u00a0wype\u0142ni\u0107 ankiet\u0119 dotycz\u0105c\u0105 zieleni w mie\u015bcie i\u00a0zapozna\u0107 si\u0119 z istniej\u0105cymi terenami zielonymi przedstawionymi na mapach.<\/p>\n<p>Na mieszka\u0144c\u00f3w czeka\u0142a tak\u017ce geoankieta umo\u017cliwiaj\u0105ca zebranie uwag i propozycji na temat zieleni odwo\u0142uj\u0105cych si\u0119 do konkretnych miejsc w mie\u015bcie.<\/p>\n<p>Zako\u0144czeniem konsultacji by\u0142y warsztaty urbanistyczne, w trakcie kt\u00f3rych urz\u0119dnicy i mieszka\u0144cy skupili si\u0119 na czterech zagadnieniach dotycz\u0105cych\u00a0zieleni miejskiej\u00a0(zieleni na osiedlach, wok\u00f3\u0142 jezior, w Dolinie Warty i na Star\u00f3wce). W rozmowie\u00a0pomaga\u0142y wielkoformatowe zdj\u0119cia satelitarne (ortofotomapy), kt\u00f3re u\u0142atwia\u0142y orientowanie si\u0119 w przestrzeni\u00a0i wizualizowanie pomys\u0142\u00f3w.\u00a0<\/p>\n<div id='gallery-1' class='gallery galleryid-2852 gallery-columns-3 gallery-size-medium'><figure class='gallery-item'>\n\t\t\t<div class='gallery-icon landscape'>\n\t\t\t\t<a href='https:\/\/partycypacjaobywatelska.pl\/przestrzen\/wp-content\/uploads\/sites\/9\/2019\/12\/01.jpg'><img width=\"300\" height=\"225\" src=\"https:\/\/partycypacjaobywatelska.pl\/przestrzen\/wp-content\/uploads\/sites\/9\/2019\/12\/01-300x225.jpg\" class=\"attachment-medium size-medium\" alt=\"\" loading=\"lazy\" aria-describedby=\"gallery-1-2862\" srcset=\"https:\/\/partycypacjaobywatelska.pl\/przestrzen\/wp-content\/uploads\/sites\/9\/2019\/12\/01-300x225.jpg 300w, https:\/\/partycypacjaobywatelska.pl\/przestrzen\/wp-content\/uploads\/sites\/9\/2019\/12\/01-1024x768.jpg 1024w, https:\/\/partycypacjaobywatelska.pl\/przestrzen\/wp-content\/uploads\/sites\/9\/2019\/12\/01-160x120.jpg 160w, https:\/\/partycypacjaobywatelska.pl\/przestrzen\/wp-content\/uploads\/sites\/9\/2019\/12\/01.jpg 1067w\" sizes=\"(max-width: 300px) 100vw, 300px\" \/><\/a>\n\t\t\t<\/div>\n\t\t\t\t<figcaption class='wp-caption-text gallery-caption' id='gallery-1-2862'>\n\t\t\t\tOLYMPUS DIGITAL CAMERA\n\t\t\t\t<\/figcaption><\/figure><figure class='gallery-item'>\n\t\t\t<div class='gallery-icon landscape'>\n\t\t\t\t<a href='https:\/\/partycypacjaobywatelska.pl\/przestrzen\/wp-content\/uploads\/sites\/9\/2019\/12\/03.jpg'><img width=\"300\" height=\"225\" src=\"https:\/\/partycypacjaobywatelska.pl\/przestrzen\/wp-content\/uploads\/sites\/9\/2019\/12\/03-300x225.jpg\" class=\"attachment-medium size-medium\" alt=\"\" loading=\"lazy\" aria-describedby=\"gallery-1-2863\" srcset=\"https:\/\/partycypacjaobywatelska.pl\/przestrzen\/wp-content\/uploads\/sites\/9\/2019\/12\/03-300x225.jpg 300w, https:\/\/partycypacjaobywatelska.pl\/przestrzen\/wp-content\/uploads\/sites\/9\/2019\/12\/03-1024x768.jpg 1024w, https:\/\/partycypacjaobywatelska.pl\/przestrzen\/wp-content\/uploads\/sites\/9\/2019\/12\/03-160x120.jpg 160w, https:\/\/partycypacjaobywatelska.pl\/przestrzen\/wp-content\/uploads\/sites\/9\/2019\/12\/03.jpg 1067w\" sizes=\"(max-width: 300px) 100vw, 300px\" \/><\/a>\n\t\t\t<\/div>\n\t\t\t\t<figcaption class='wp-caption-text gallery-caption' id='gallery-1-2863'>\n\t\t\t\tOLYMPUS DIGITAL CAMERA\n\t\t\t\t<\/figcaption><\/figure><figure class='gallery-item'>\n\t\t\t<div class='gallery-icon landscape'>\n\t\t\t\t<a href='https:\/\/partycypacjaobywatelska.pl\/przestrzen\/wp-content\/uploads\/sites\/9\/2019\/12\/06.jpg'><img width=\"300\" height=\"225\" src=\"https:\/\/partycypacjaobywatelska.pl\/przestrzen\/wp-content\/uploads\/sites\/9\/2019\/12\/06-300x225.jpg\" class=\"attachment-medium size-medium\" alt=\"\" loading=\"lazy\" aria-describedby=\"gallery-1-2864\" srcset=\"https:\/\/partycypacjaobywatelska.pl\/przestrzen\/wp-content\/uploads\/sites\/9\/2019\/12\/06-300x225.jpg 300w, https:\/\/partycypacjaobywatelska.pl\/przestrzen\/wp-content\/uploads\/sites\/9\/2019\/12\/06-1024x768.jpg 1024w, https:\/\/partycypacjaobywatelska.pl\/przestrzen\/wp-content\/uploads\/sites\/9\/2019\/12\/06-160x120.jpg 160w, https:\/\/partycypacjaobywatelska.pl\/przestrzen\/wp-content\/uploads\/sites\/9\/2019\/12\/06.jpg 1067w\" sizes=\"(max-width: 300px) 100vw, 300px\" \/><\/a>\n\t\t\t<\/div>\n\t\t\t\t<figcaption class='wp-caption-text gallery-caption' id='gallery-1-2864'>\n\t\t\t\tOLYMPUS DIGITAL CAMERA\n\t\t\t\t<\/figcaption><\/figure><figure class='gallery-item'>\n\t\t\t<div class='gallery-icon landscape'>\n\t\t\t\t<a href='https:\/\/partycypacjaobywatelska.pl\/przestrzen\/wp-content\/uploads\/sites\/9\/2019\/12\/07.jpg'><img width=\"300\" height=\"225\" src=\"https:\/\/partycypacjaobywatelska.pl\/przestrzen\/wp-content\/uploads\/sites\/9\/2019\/12\/07-300x225.jpg\" class=\"attachment-medium size-medium\" alt=\"\" loading=\"lazy\" aria-describedby=\"gallery-1-2865\" srcset=\"https:\/\/partycypacjaobywatelska.pl\/przestrzen\/wp-content\/uploads\/sites\/9\/2019\/12\/07-300x225.jpg 300w, https:\/\/partycypacjaobywatelska.pl\/przestrzen\/wp-content\/uploads\/sites\/9\/2019\/12\/07-1024x768.jpg 1024w, https:\/\/partycypacjaobywatelska.pl\/przestrzen\/wp-content\/uploads\/sites\/9\/2019\/12\/07-160x120.jpg 160w, https:\/\/partycypacjaobywatelska.pl\/przestrzen\/wp-content\/uploads\/sites\/9\/2019\/12\/07.jpg 1067w\" sizes=\"(max-width: 300px) 100vw, 300px\" \/><\/a>\n\t\t\t<\/div>\n\t\t\t\t<figcaption class='wp-caption-text gallery-caption' id='gallery-1-2865'>\n\t\t\t\tOLYMPUS DIGITAL CAMERA\n\t\t\t\t<\/figcaption><\/figure><figure class='gallery-item'>\n\t\t\t<div class='gallery-icon landscape'>\n\t\t\t\t<a href='https:\/\/partycypacjaobywatelska.pl\/przestrzen\/wp-content\/uploads\/sites\/9\/2019\/12\/11.jpg'><img width=\"300\" height=\"225\" src=\"https:\/\/partycypacjaobywatelska.pl\/przestrzen\/wp-content\/uploads\/sites\/9\/2019\/12\/11-300x225.jpg\" class=\"attachment-medium size-medium\" alt=\"\" loading=\"lazy\" aria-describedby=\"gallery-1-2867\" srcset=\"https:\/\/partycypacjaobywatelska.pl\/przestrzen\/wp-content\/uploads\/sites\/9\/2019\/12\/11-300x225.jpg 300w, https:\/\/partycypacjaobywatelska.pl\/przestrzen\/wp-content\/uploads\/sites\/9\/2019\/12\/11-1024x768.jpg 1024w, https:\/\/partycypacjaobywatelska.pl\/przestrzen\/wp-content\/uploads\/sites\/9\/2019\/12\/11-160x120.jpg 160w, https:\/\/partycypacjaobywatelska.pl\/przestrzen\/wp-content\/uploads\/sites\/9\/2019\/12\/11.jpg 1067w\" sizes=\"(max-width: 300px) 100vw, 300px\" \/><\/a>\n\t\t\t<\/div>\n\t\t\t\t<figcaption class='wp-caption-text gallery-caption' id='gallery-1-2867'>\n\t\t\t\tOLYMPUS DIGITAL CAMERA\n\t\t\t\t<\/figcaption><\/figure>\n\t\t<\/div>\n\n<p style=\"text-align: center;\">Warsztaty urbanistyczne. Zdj\u0119cia pochodz\u0105 ze strony\u00a0<a href=\"http:\/\/www.konin.pl\/index.php\/jeden-news-new\/wzieli-sie-za-zielen.html\" target=\"_blank\">www.konin.pl<\/a><\/p>\n<p>Wszystkie pozyskane w czasie konsultacji\u00a0uwagi i propozycje rozwi\u0105za\u0144 zostan\u0105 wykorzystane jako materia\u0142 pomocniczy w procesie tworzenia\u00a0studium.<\/p>\n<p>Urz\u0119dnicy podsumowali konsultacje <a href=\"http:\/\/partycypacjaobywatelska.pl\/przestrzen\/wp-content\/uploads\/sites\/9\/2020\/01\/konin_raport.pdf\">w tym raporcie<\/a>, a w osobnych dokumentach zebrali wnioski z <a href=\"http:\/\/partycypacjaobywatelska.pl\/przestrzen\/wp-content\/uploads\/sites\/9\/2019\/12\/2019-12-20_konsultacje_zielen_ankiety.pdf\">ankiety<\/a>, <a href=\"http:\/\/partycypacjaobywatelska.pl\/przestrzen\/wp-content\/uploads\/sites\/9\/2019\/12\/2019-12-20_konsultacje_zielen_geoankieta.pdf\">geoankiety<\/a>\u00a0i <a href=\"http:\/\/partycypacjaobywatelska.pl\/przestrzen\/wp-content\/uploads\/sites\/9\/2019\/12\/2019-12-20_konsultacje_zielen_warsztat.pdf\">warsztat\u00f3w<\/a>.<\/p>\n<p>\u0179r\u00f3d\u0142o informacji:\u00a0<a href=\"http:\/\/www.konin.pl\/index.php\/jeden-news-new\/wzieli-sie-za-zielen.html\" target=\"_blank\">www.konin.pl<\/a><\/p>\n","protected":false},"excerpt":{"rendered":"<p>W Koninie zako\u0144czy\u0142y si\u0119 konsultacje z mieszka\u0144cami dotycz\u0105ce teren\u00f3w zielonych. Odbywa\u0142y si\u0119 na potrzeby prac nad studium dla miasta. Celem konsultacji #We\u017aSi\u0119ZaZiele\u0144 by\u0142o pozyskanie opinii mieszka\u0144c\u00f3w Konina dotycz\u0105cych korzystania z teren\u00f3w zielonych w mie\u015bcie i ich zagospodarowania. W ramach konsultacji odby\u0142y si\u0119: spotkanie otwarcia, punkty konsultacyjne oraz warsztaty urbanistyczne. Urz\u0119dnicy przygotowali tak\u017ce\u00a0ankiet\u0119 i geoankiet\u0119. Podczas &hellip;<\/p>\n<a href=\"https:\/\/partycypacjaobywatelska.pl\/przestrzen\/2019\/12\/31\/koniec-konsultacji-wezsiezazielen-w-koninie\/\" class=\"ReadMore\">Czytaj wi\u0119cej<\/a>","protected":false},"author":141,"featured_media":2751,"comment_status":"closed","ping_status":"closed","sticky":false,"template":"","format":"standard","meta":[],"categories":[31],"tags":[57],"_links":{"self":[{"href":"https:\/\/partycypacjaobywatelska.pl\/przestrzen\/wp-json\/wp\/v2\/posts\/2852"}],"collection":[{"href":"https:\/\/partycypacjaobywatelska.pl\/przestrzen\/wp-json\/wp\/v2\/posts"}],"about":[{"href":"https:\/\/partycypacjaobywatelska.pl\/przestrzen\/wp-json\/wp\/v2\/types\/post"}],"author":[{"embeddable":true,"href":"https:\/\/partycypacjaobywatelska.pl\/przestrzen\/wp-json\/wp\/v2\/users\/141"}],"replies":[{"embeddable":true,"href":"https:\/\/partycypacjaobywatelska.pl\/przestrzen\/wp-json\/wp\/v2\/comments?post=2852"}],"version-history":[{"count":4,"href":"https:\/\/partycypacjaobywatelska.pl\/przestrzen\/wp-json\/wp\/v2\/posts\/2852\/revisions"}],"predecessor-version":[{"id":2885,"href":"https:\/\/partycypacjaobywatelska.pl\/przestrzen\/wp-json\/wp\/v2\/posts\/2852\/revisions\/2885"}],"wp:featuredmedia":[{"embeddable":true,"href":"https:\/\/partycypacjaobywatelska.pl\/przestrzen\/wp-json\/wp\/v2\/media\/2751"}],"wp:attachment":[{"href":"https:\/\/partycypacjaobywatelska.pl\/przestrzen\/wp-json\/wp\/v2\/media?parent=2852"}],"wp:term":[{"taxonomy":"category","embeddable":true,"href":"https:\/\/partycypacjaobywatelska.pl\/przestrzen\/wp-json\/wp\/v2\/categories?post=2852"},{"taxonomy":"post_tag","embeddable":true,"href":"https:\/\/partycypacjaobywatelska.pl\/przestrzen\/wp-json\/wp\/v2\/tags?post=2852"}],"curies":[{"name":"wp","href":"https:\/\/api.w.org\/{rel}","templated":true}]}}