
{"id":2711,"date":"2019-09-23T13:14:33","date_gmt":"2019-09-23T11:14:33","guid":{"rendered":"http:\/\/partycypacjaobywatelska.pl\/przestrzen\/?p=2711"},"modified":"2020-01-03T13:35:26","modified_gmt":"2020-01-03T12:35:26","slug":"razem-zaplanujmy-przestrzen-naszego-miasta-konsultacje-w-radomiu","status":"publish","type":"post","link":"https:\/\/partycypacjaobywatelska.pl\/przestrzen\/2019\/09\/23\/razem-zaplanujmy-przestrzen-naszego-miasta-konsultacje-w-radomiu\/","title":{"rendered":"\u201eRazem zaplanujmy przestrze\u0144 naszego miasta\u201d &#8211; konsultacje w Radomiu"},"content":{"rendered":"<p class=\"lead\">Pod has\u0142em \u201eRazem zaplanujmy przestrze\u0144 naszego miasta\u201d odbywaj\u0105 si\u0119 konsultacje spo\u0142eczne w Radomiu. Ich wyniki zostan\u0105 wykorzystane w pracach nad studium uwarunkowa\u0144 i kierunk\u00f3w zagospodarowania przestrzennego miasta. Opracowanie b\u0119dzie dotyczy\u0142o ca\u0142ego Radomia.<\/p>\n<p>Pierwsz\u0105 cz\u0119\u015bci\u0105 konsultacji by\u0142y wakacyjne sonda\u017ce uliczne prowadzone w punktach konsultacyjnych ustawionych w r\u00f3\u017cnych\u00a0miejscach miasta, m.in. podczas imprez plenerowych. Dotyczy\u0142y one czterech kwestii:<\/p>\n<ul>\n<li>zagospodarowania \u015br\u00f3dmie\u015bcia,<\/li>\n<li>zagospodarowania miejskich ogr\u00f3dk\u00f3w dzia\u0142kowych,<\/li>\n<li>preferencji w zakresie przemieszczania si\u0119\u00a0po mie\u015bcie,<\/li>\n<li>preferencji w zakresie rodzaj\u00f3w i miejsc wypoczynku, kt\u00f3re powinny by\u0107 rozwijane w mie\u015bcie.<\/li>\n<\/ul>\n<p>Dla ka\u017cdego z temat\u00f3w urz\u0119dnicy przygotowali osobne ankiety.\u00a0Przy okazji sonda\u017cu dotycz\u0105cego \u015br\u00f3dmie\u015bcia mieszka\u0144cy mogli dodatkowo zaznacza\u0107 na mapie swoje miejsce zamieszkania, pracy itp.<\/p>\n<div id='gallery-1' class='gallery galleryid-2711 gallery-columns-2 gallery-size-medium'><figure class='gallery-item'>\n\t\t\t<div class='gallery-icon portrait'>\n\t\t\t\t<a href='https:\/\/partycypacjaobywatelska.pl\/przestrzen\/wp-content\/uploads\/sites\/9\/2019\/09\/radom_studium-ankieta-wakacyjna-interaktywna-2.png'><img width=\"212\" height=\"300\" src=\"https:\/\/partycypacjaobywatelska.pl\/przestrzen\/wp-content\/uploads\/sites\/9\/2019\/09\/radom_studium-ankieta-wakacyjna-interaktywna-2-212x300.png\" class=\"attachment-medium size-medium\" alt=\"\" loading=\"lazy\" srcset=\"https:\/\/partycypacjaobywatelska.pl\/przestrzen\/wp-content\/uploads\/sites\/9\/2019\/09\/radom_studium-ankieta-wakacyjna-interaktywna-2-212x300.png 212w, https:\/\/partycypacjaobywatelska.pl\/przestrzen\/wp-content\/uploads\/sites\/9\/2019\/09\/radom_studium-ankieta-wakacyjna-interaktywna-2-724x1024.png 724w, https:\/\/partycypacjaobywatelska.pl\/przestrzen\/wp-content\/uploads\/sites\/9\/2019\/09\/radom_studium-ankieta-wakacyjna-interaktywna-2-85x120.png 85w, https:\/\/partycypacjaobywatelska.pl\/przestrzen\/wp-content\/uploads\/sites\/9\/2019\/09\/radom_studium-ankieta-wakacyjna-interaktywna-2.png 1654w\" sizes=\"(max-width: 212px) 100vw, 212px\" \/><\/a>\n\t\t\t<\/div><\/figure><figure class='gallery-item'>\n\t\t\t<div class='gallery-icon portrait'>\n\t\t\t\t<a href='https:\/\/partycypacjaobywatelska.pl\/przestrzen\/wp-content\/uploads\/sites\/9\/2019\/09\/radom_studium-ankieta-ogrodki-interaktywna-1.png'><img width=\"212\" height=\"300\" src=\"https:\/\/partycypacjaobywatelska.pl\/przestrzen\/wp-content\/uploads\/sites\/9\/2019\/09\/radom_studium-ankieta-ogrodki-interaktywna-1-212x300.png\" class=\"attachment-medium size-medium\" alt=\"\" loading=\"lazy\" srcset=\"https:\/\/partycypacjaobywatelska.pl\/przestrzen\/wp-content\/uploads\/sites\/9\/2019\/09\/radom_studium-ankieta-ogrodki-interaktywna-1-212x300.png 212w, https:\/\/partycypacjaobywatelska.pl\/przestrzen\/wp-content\/uploads\/sites\/9\/2019\/09\/radom_studium-ankieta-ogrodki-interaktywna-1-724x1024.png 724w, https:\/\/partycypacjaobywatelska.pl\/przestrzen\/wp-content\/uploads\/sites\/9\/2019\/09\/radom_studium-ankieta-ogrodki-interaktywna-1-85x120.png 85w, https:\/\/partycypacjaobywatelska.pl\/przestrzen\/wp-content\/uploads\/sites\/9\/2019\/09\/radom_studium-ankieta-ogrodki-interaktywna-1.png 1654w\" sizes=\"(max-width: 212px) 100vw, 212px\" \/><\/a>\n\t\t\t<\/div><\/figure><figure class='gallery-item'>\n\t\t\t<div class='gallery-icon portrait'>\n\t\t\t\t<a href='https:\/\/partycypacjaobywatelska.pl\/przestrzen\/wp-content\/uploads\/sites\/9\/2019\/09\/radom_studium-ankieta-interaktywna-transport-1.png'><img width=\"212\" height=\"300\" src=\"https:\/\/partycypacjaobywatelska.pl\/przestrzen\/wp-content\/uploads\/sites\/9\/2019\/09\/radom_studium-ankieta-interaktywna-transport-1-212x300.png\" class=\"attachment-medium size-medium\" alt=\"\" loading=\"lazy\" srcset=\"https:\/\/partycypacjaobywatelska.pl\/przestrzen\/wp-content\/uploads\/sites\/9\/2019\/09\/radom_studium-ankieta-interaktywna-transport-1-212x300.png 212w, https:\/\/partycypacjaobywatelska.pl\/przestrzen\/wp-content\/uploads\/sites\/9\/2019\/09\/radom_studium-ankieta-interaktywna-transport-1-724x1024.png 724w, https:\/\/partycypacjaobywatelska.pl\/przestrzen\/wp-content\/uploads\/sites\/9\/2019\/09\/radom_studium-ankieta-interaktywna-transport-1-85x120.png 85w, https:\/\/partycypacjaobywatelska.pl\/przestrzen\/wp-content\/uploads\/sites\/9\/2019\/09\/radom_studium-ankieta-interaktywna-transport-1.png 1654w\" sizes=\"(max-width: 212px) 100vw, 212px\" \/><\/a>\n\t\t\t<\/div><\/figure><figure class='gallery-item'>\n\t\t\t<div class='gallery-icon portrait'>\n\t\t\t\t<a href='https:\/\/partycypacjaobywatelska.pl\/przestrzen\/wp-content\/uploads\/sites\/9\/2019\/09\/radom_studium-ankieta-turystyka-interaktywna-1.png'><img width=\"212\" height=\"300\" src=\"https:\/\/partycypacjaobywatelska.pl\/przestrzen\/wp-content\/uploads\/sites\/9\/2019\/09\/radom_studium-ankieta-turystyka-interaktywna-1-212x300.png\" class=\"attachment-medium size-medium\" alt=\"\" loading=\"lazy\" srcset=\"https:\/\/partycypacjaobywatelska.pl\/przestrzen\/wp-content\/uploads\/sites\/9\/2019\/09\/radom_studium-ankieta-turystyka-interaktywna-1-212x300.png 212w, https:\/\/partycypacjaobywatelska.pl\/przestrzen\/wp-content\/uploads\/sites\/9\/2019\/09\/radom_studium-ankieta-turystyka-interaktywna-1-724x1024.png 724w, https:\/\/partycypacjaobywatelska.pl\/przestrzen\/wp-content\/uploads\/sites\/9\/2019\/09\/radom_studium-ankieta-turystyka-interaktywna-1-85x120.png 85w, https:\/\/partycypacjaobywatelska.pl\/przestrzen\/wp-content\/uploads\/sites\/9\/2019\/09\/radom_studium-ankieta-turystyka-interaktywna-1.png 1654w\" sizes=\"(max-width: 212px) 100vw, 212px\" \/><\/a>\n\t\t\t<\/div><\/figure>\n\t\t<\/div>\n\n<p>Mieszka\u0144cy wype\u0142nili w sumie oko\u0142o 400 ankiet. Urz\u0119dnicy opublikowali p\u0142yn\u0105ce z nich wnioski w postaci <a href=\"http:\/\/partycypacjaobywatelska.pl\/przestrzen\/wp-content\/uploads\/sites\/9\/2019\/09\/broszura-studium-mpu-radom.pdf\">broszury informacyjnej<\/a>.<\/p>\n<p style=\"font-weight: 400;\">\u0179r\u00f3d\u0142o informacji:\u00a0<a href=\"https:\/\/mpu.radom.pl\/\" target=\"_blank\">mpu.radom.pl<\/a>. Fot.\u00a0<a href=\"http:\/\/www.radom.pl\" target=\"_blank\">www.radom.pl<\/a>.<\/p>\n","protected":false},"excerpt":{"rendered":"<p>Pod has\u0142em \u201eRazem zaplanujmy przestrze\u0144 naszego miasta\u201d odbywaj\u0105 si\u0119 konsultacje spo\u0142eczne w Radomiu. Ich wyniki zostan\u0105 wykorzystane w pracach nad studium uwarunkowa\u0144 i kierunk\u00f3w zagospodarowania przestrzennego miasta. Opracowanie b\u0119dzie dotyczy\u0142o ca\u0142ego Radomia. Pierwsz\u0105 cz\u0119\u015bci\u0105 konsultacji by\u0142y wakacyjne sonda\u017ce uliczne prowadzone w punktach konsultacyjnych ustawionych w r\u00f3\u017cnych\u00a0miejscach miasta, m.in. podczas imprez plenerowych. Dotyczy\u0142y one czterech kwestii: &hellip;<\/p>\n<a href=\"https:\/\/partycypacjaobywatelska.pl\/przestrzen\/2019\/09\/23\/razem-zaplanujmy-przestrzen-naszego-miasta-konsultacje-w-radomiu\/\" class=\"ReadMore\">Czytaj wi\u0119cej<\/a>","protected":false},"author":141,"featured_media":2719,"comment_status":"closed","ping_status":"closed","sticky":false,"template":"","format":"standard","meta":[],"categories":[31],"tags":[60],"_links":{"self":[{"href":"https:\/\/partycypacjaobywatelska.pl\/przestrzen\/wp-json\/wp\/v2\/posts\/2711"}],"collection":[{"href":"https:\/\/partycypacjaobywatelska.pl\/przestrzen\/wp-json\/wp\/v2\/posts"}],"about":[{"href":"https:\/\/partycypacjaobywatelska.pl\/przestrzen\/wp-json\/wp\/v2\/types\/post"}],"author":[{"embeddable":true,"href":"https:\/\/partycypacjaobywatelska.pl\/przestrzen\/wp-json\/wp\/v2\/users\/141"}],"replies":[{"embeddable":true,"href":"https:\/\/partycypacjaobywatelska.pl\/przestrzen\/wp-json\/wp\/v2\/comments?post=2711"}],"version-history":[{"count":6,"href":"https:\/\/partycypacjaobywatelska.pl\/przestrzen\/wp-json\/wp\/v2\/posts\/2711\/revisions"}],"predecessor-version":[{"id":2918,"href":"https:\/\/partycypacjaobywatelska.pl\/przestrzen\/wp-json\/wp\/v2\/posts\/2711\/revisions\/2918"}],"wp:featuredmedia":[{"embeddable":true,"href":"https:\/\/partycypacjaobywatelska.pl\/przestrzen\/wp-json\/wp\/v2\/media\/2719"}],"wp:attachment":[{"href":"https:\/\/partycypacjaobywatelska.pl\/przestrzen\/wp-json\/wp\/v2\/media?parent=2711"}],"wp:term":[{"taxonomy":"category","embeddable":true,"href":"https:\/\/partycypacjaobywatelska.pl\/przestrzen\/wp-json\/wp\/v2\/categories?post=2711"},{"taxonomy":"post_tag","embeddable":true,"href":"https:\/\/partycypacjaobywatelska.pl\/przestrzen\/wp-json\/wp\/v2\/tags?post=2711"}],"curies":[{"name":"wp","href":"https:\/\/api.w.org\/{rel}","templated":true}]}}