
{"id":2703,"date":"2019-10-25T12:58:04","date_gmt":"2019-10-25T10:58:04","guid":{"rendered":"http:\/\/partycypacjaobywatelska.pl\/przestrzen\/?p=2703"},"modified":"2019-11-28T17:47:09","modified_gmt":"2019-11-28T16:47:09","slug":"rewitalizacja-wzgorze-karscha-konsultacje-w-kielcach","status":"publish","type":"post","link":"https:\/\/partycypacjaobywatelska.pl\/przestrzen\/2019\/10\/25\/rewitalizacja-wzgorze-karscha-konsultacje-w-kielcach\/","title":{"rendered":"Re:witalizacja \u201eWzg\u00f3rze Karscha\u201d &#8211; konsultacje w Kielcach"},"content":{"rendered":"<p class=\"lead\">W po\u0142owie pa\u017adziernika rozpocz\u0119\u0142y si\u0119 w Kielcach konsultacje spo\u0142eczne studium w zakresie zagospodarowania Wzg\u00f3rza Karscha &#8211; miejsca z bogat\u0105 histori\u0105, wa\u017cnego dla miasta i mieszka\u0144c\u00f3w. Wnioski z konsultacji pos\u0142u\u017c\u0105 wypracowaniu zmian nie tylko w studium, lecz tak\u017ce w planie miejscowym obejmuj\u0105cym ten teren.<\/p>\n<p>Pierwszy etap konsultacji ma charakter diagnostyczny &#8211; mieszka\u0144cy przez miesi\u0105c mog\u0105 wype\u0142ni\u0107 <a href=\"https:\/\/konsultacje2.kielce.eu\/przestrzen-karscha.html\" target=\"_blank\">ankiet\u0119 on-line<\/a> dotycz\u0105c\u0105 wzg\u00f3rza, jego charakteru i znajduj\u0105cych si\u0119 na nim historycznych budynk\u00f3w.\u00a0Podsumowanie ankiety znajdzie si\u0119 na stronie konsultacji pod koniec listopada.\u00a0<\/p>\n<p>W pa\u017adzierniku i listopadzie urz\u0119dnicy trzykrotnie pojawi\u0105 si\u0119 te\u017c w terenie w ramach mobilnego punktu diagnostycznego, by\u00a0zach\u0119ca\u0107 mieszka\u0144c\u00f3w do wype\u0142nienia ankiety i rozmawia\u0107 o konsultowanym terenie.<\/p>\n<p>Dla os\u00f3b zainteresowanych konsultacjami\u00a0urz\u0119dnicy przygotowali\u00a0<a href=\"http:\/\/partycypacjaobywatelska.pl\/przestrzen\/wp-content\/uploads\/sites\/9\/2019\/10\/kielce_wzgorza-karscha.pdf\">skr\u00f3con\u0105 histori\u0119 Wzg\u00f3rza Karscha<\/a>\u00a0i\u00a0udost\u0119pnili\u00a0broszur\u0119 na temat procesu planistycznego. O konsultacjach informuj\u0105 plakaty:<\/p>\n<p><img loading=\"lazy\" class=\"aligncenter wp-image-2705 size-large\" src=\"http:\/\/partycypacjaobywatelska.pl\/przestrzen\/wp-content\/uploads\/sites\/9\/2019\/10\/kielce_wzgorza-karscha_plakat-1-724x1024.png\" alt=\"Kielce_wzg\u00f3rza karscha_plakat-1\" width=\"724\" height=\"1024\" srcset=\"https:\/\/partycypacjaobywatelska.pl\/przestrzen\/wp-content\/uploads\/sites\/9\/2019\/10\/kielce_wzgorza-karscha_plakat-1-724x1024.png 724w, https:\/\/partycypacjaobywatelska.pl\/przestrzen\/wp-content\/uploads\/sites\/9\/2019\/10\/kielce_wzgorza-karscha_plakat-1-212x300.png 212w, https:\/\/partycypacjaobywatelska.pl\/przestrzen\/wp-content\/uploads\/sites\/9\/2019\/10\/kielce_wzgorza-karscha_plakat-1-85x120.png 85w\" sizes=\"(max-width: 724px) 100vw, 724px\" \/><\/p>\n<p style=\"text-align: center;\">\u0179r\u00f3d\u0142o informacji:\u00a0<a href=\"https:\/\/konsultacje2.kielce.eu\/przestrzen-karscha.html\" target=\"_blank\">konsultacje2.kielce.eu<\/a>.<\/p>\n","protected":false},"excerpt":{"rendered":"<p>W po\u0142owie pa\u017adziernika rozpocz\u0119\u0142y si\u0119 w Kielcach konsultacje spo\u0142eczne studium w zakresie zagospodarowania Wzg\u00f3rza Karscha &#8211; miejsca z bogat\u0105 histori\u0105, wa\u017cnego dla miasta i mieszka\u0144c\u00f3w. Wnioski z konsultacji pos\u0142u\u017c\u0105 wypracowaniu zmian nie tylko w studium, lecz tak\u017ce w planie miejscowym obejmuj\u0105cym ten teren. Pierwszy etap konsultacji ma charakter diagnostyczny &#8211; mieszka\u0144cy przez miesi\u0105c mog\u0105 wype\u0142ni\u0107 &hellip;<\/p>\n<a href=\"https:\/\/partycypacjaobywatelska.pl\/przestrzen\/2019\/10\/25\/rewitalizacja-wzgorze-karscha-konsultacje-w-kielcach\/\" class=\"ReadMore\">Czytaj wi\u0119cej<\/a>","protected":false},"author":141,"featured_media":2708,"comment_status":"closed","ping_status":"closed","sticky":false,"template":"","format":"standard","meta":[],"categories":[31],"tags":[48],"_links":{"self":[{"href":"https:\/\/partycypacjaobywatelska.pl\/przestrzen\/wp-json\/wp\/v2\/posts\/2703"}],"collection":[{"href":"https:\/\/partycypacjaobywatelska.pl\/przestrzen\/wp-json\/wp\/v2\/posts"}],"about":[{"href":"https:\/\/partycypacjaobywatelska.pl\/przestrzen\/wp-json\/wp\/v2\/types\/post"}],"author":[{"embeddable":true,"href":"https:\/\/partycypacjaobywatelska.pl\/przestrzen\/wp-json\/wp\/v2\/users\/141"}],"replies":[{"embeddable":true,"href":"https:\/\/partycypacjaobywatelska.pl\/przestrzen\/wp-json\/wp\/v2\/comments?post=2703"}],"version-history":[{"count":5,"href":"https:\/\/partycypacjaobywatelska.pl\/przestrzen\/wp-json\/wp\/v2\/posts\/2703\/revisions"}],"predecessor-version":[{"id":2788,"href":"https:\/\/partycypacjaobywatelska.pl\/przestrzen\/wp-json\/wp\/v2\/posts\/2703\/revisions\/2788"}],"wp:featuredmedia":[{"embeddable":true,"href":"https:\/\/partycypacjaobywatelska.pl\/przestrzen\/wp-json\/wp\/v2\/media\/2708"}],"wp:attachment":[{"href":"https:\/\/partycypacjaobywatelska.pl\/przestrzen\/wp-json\/wp\/v2\/media?parent=2703"}],"wp:term":[{"taxonomy":"category","embeddable":true,"href":"https:\/\/partycypacjaobywatelska.pl\/przestrzen\/wp-json\/wp\/v2\/categories?post=2703"},{"taxonomy":"post_tag","embeddable":true,"href":"https:\/\/partycypacjaobywatelska.pl\/przestrzen\/wp-json\/wp\/v2\/tags?post=2703"}],"curies":[{"name":"wp","href":"https:\/\/api.w.org\/{rel}","templated":true}]}}