
{"id":2609,"date":"2019-09-24T13:39:11","date_gmt":"2019-09-24T11:39:11","guid":{"rendered":"http:\/\/partycypacjaobywatelska.pl\/przestrzen\/?p=2609"},"modified":"2019-09-25T18:19:16","modified_gmt":"2019-09-25T16:19:16","slug":"nabor-do-projektu-spotkania-informacyjne-leszno-02-10-2019-czestochowa-04-10-2019","status":"publish","type":"post","link":"https:\/\/partycypacjaobywatelska.pl\/przestrzen\/2019\/09\/24\/nabor-do-projektu-spotkania-informacyjne-leszno-02-10-2019-czestochowa-04-10-2019\/","title":{"rendered":"Nab\u00f3r do projektu &#8211; spotkania informacyjne (Leszno 02.10.2019; Cz\u0119stochowa 04.10.2019)"},"content":{"rendered":"<p class=\"lead\"><span style=\"font-weight: 400;\">Zapraszamy na spotkania informacyjno-edukacyjne dla gmin zainteresowanych udzia\u0142em w projekcie \u201ePrzestrze\u0144 dla partycypacji 2\u2033.<\/span><\/p>\n<p><span style=\"font-weight: 400;\">Spotkania odb\u0119d\u0105 si\u0119 w Lesznie i Cz\u0119stochowie. B\u0119d\u0119 zawiera\u0107 cz\u0119\u015b\u0107 informacyjn\u0105 \u2013 dotycz\u0105c\u0105 zasad zg\u0142aszania si\u0119 oraz udzia\u0142u w projekcie \u201ePrzestrze\u0144 dla partycypacji 2\u201d, a tak\u017ce cz\u0119\u015b\u0107 edukacyjn\u0105 \u2013 po\u015bwi\u0119con\u0105 zagadnieniom zwi\u0105zanym z partycypacj\u0105 obywatelsk\u0105 w planowaniu przestrzennym. Podczas spotka\u0144 b\u0119dzie tak\u017ce okazja do rozmowy z przedstawicielami gmin, kt\u00f3re zrealizowa\u0142y konsultacje spo\u0142eczne dokument\u00f3w planistycznych w ramach I edycji projektu.<\/span><\/p>\n<p><span style=\"font-weight: 400;\">Terminy spotka\u0144:<\/span><\/p>\n<ul>\n<li style=\"font-weight: 400;\"><span style=\"font-weight: 400;\"><strong>2 pa\u017adziernika 2019 (\u015broda) w godz. 10.30-14.00 w LESZNIE<\/strong>, w siedzibie Stacji Biznes \u2013 Strefa Kreatywna przy Placu Jana Metziga 1 (<\/span><a href=\"https:\/\/goo.gl\/maps\/KNHKnD9tqNBHBjFx5\"><span style=\"font-weight: 400;\">zobacz na mapie<\/span><\/a><span style=\"font-weight: 400;\">)<\/span><\/li>\n<li style=\"font-weight: 400;\"><span style=\"font-weight: 400;\"><strong>4 pa\u017adziernika 2019 (pi\u0105tek) w godz. 10.00-14.00 w CZ\u0118STOCHOWIE<\/strong>, w siedzibie Urz\u0119du Stanu Cywilnego (Sala B\u0142\u0119kitna) przy ul. Focha 19\/21 (<\/span><a href=\"https:\/\/goo.gl\/maps\/4G74nJ2FRx5exnY6A\"><span style=\"font-weight: 400;\">zobacz na mapie<\/span><\/a><span style=\"font-weight: 400;\">)<\/span><\/li>\n<\/ul>\n<p><span style=\"font-weight: 400;\">Do udzia\u0142u w spotkaniach zapraszamy w szczeg\u00f3lno\u015bci osoby odpowiedzialne za planowanie przestrzenne oraz prowadzenie konsultacji spo\u0142ecznych w gminach.<\/span><\/p>\n<p><span style=\"font-weight: 400;\">Na spotkania mo\u017cna zg\u0142osi\u0107 si\u0119, wype\u0142niaj\u0105c<\/span><span style=\"font-weight: 400;\">\u00a0<\/span><a href=\"http:\/\/bit.ly\/pdp2_spotkania\"><b>http:\/\/bit.ly\/pdp2_spotkania<\/b><\/a><span style=\"font-weight: 400;\">. Zg\u0142oszenia nale\u017cy przes\u0142a\u0107 najp\u00f3\u017aniej na trzy dni przed spotkaniem.<\/span><\/p>\n<p><img loading=\"lazy\" class=\"alignnone size-full wp-image-2610\" src=\"http:\/\/partycypacjaobywatelska.pl\/przestrzen\/wp-content\/uploads\/sites\/9\/2019\/09\/grafika-nr-3.png\" alt=\"Grafika nr 3\" width=\"800\" height=\"800\" srcset=\"https:\/\/partycypacjaobywatelska.pl\/przestrzen\/wp-content\/uploads\/sites\/9\/2019\/09\/grafika-nr-3.png 800w, https:\/\/partycypacjaobywatelska.pl\/przestrzen\/wp-content\/uploads\/sites\/9\/2019\/09\/grafika-nr-3-150x150.png 150w, https:\/\/partycypacjaobywatelska.pl\/przestrzen\/wp-content\/uploads\/sites\/9\/2019\/09\/grafika-nr-3-300x300.png 300w, https:\/\/partycypacjaobywatelska.pl\/przestrzen\/wp-content\/uploads\/sites\/9\/2019\/09\/grafika-nr-3-120x120.png 120w\" sizes=\"(max-width: 800px) 100vw, 800px\" \/><\/p>\n<p>&nbsp;<\/p>\n","protected":false},"excerpt":{"rendered":"<p>Zapraszamy na spotkania informacyjno-edukacyjne dla gmin zainteresowanych udzia\u0142em w projekcie \u201ePrzestrze\u0144 dla partycypacji 2\u2033. Spotkania odb\u0119d\u0105 si\u0119 w Lesznie i Cz\u0119stochowie. B\u0119d\u0119 zawiera\u0107 cz\u0119\u015b\u0107 informacyjn\u0105 \u2013 dotycz\u0105c\u0105 zasad zg\u0142aszania si\u0119 oraz udzia\u0142u w projekcie \u201ePrzestrze\u0144 dla partycypacji 2\u201d, a tak\u017ce cz\u0119\u015b\u0107 edukacyjn\u0105 \u2013 po\u015bwi\u0119con\u0105 zagadnieniom zwi\u0105zanym z partycypacj\u0105 obywatelsk\u0105 w planowaniu przestrzennym. Podczas spotka\u0144 b\u0119dzie &hellip;<\/p>\n<a href=\"https:\/\/partycypacjaobywatelska.pl\/przestrzen\/2019\/09\/24\/nabor-do-projektu-spotkania-informacyjne-leszno-02-10-2019-czestochowa-04-10-2019\/\" class=\"ReadMore\">Czytaj wi\u0119cej<\/a>","protected":false},"author":163,"featured_media":2610,"comment_status":"closed","ping_status":"closed","sticky":false,"template":"","format":"standard","meta":[],"categories":[4,5],"tags":[],"_links":{"self":[{"href":"https:\/\/partycypacjaobywatelska.pl\/przestrzen\/wp-json\/wp\/v2\/posts\/2609"}],"collection":[{"href":"https:\/\/partycypacjaobywatelska.pl\/przestrzen\/wp-json\/wp\/v2\/posts"}],"about":[{"href":"https:\/\/partycypacjaobywatelska.pl\/przestrzen\/wp-json\/wp\/v2\/types\/post"}],"author":[{"embeddable":true,"href":"https:\/\/partycypacjaobywatelska.pl\/przestrzen\/wp-json\/wp\/v2\/users\/163"}],"replies":[{"embeddable":true,"href":"https:\/\/partycypacjaobywatelska.pl\/przestrzen\/wp-json\/wp\/v2\/comments?post=2609"}],"version-history":[{"count":3,"href":"https:\/\/partycypacjaobywatelska.pl\/przestrzen\/wp-json\/wp\/v2\/posts\/2609\/revisions"}],"predecessor-version":[{"id":2613,"href":"https:\/\/partycypacjaobywatelska.pl\/przestrzen\/wp-json\/wp\/v2\/posts\/2609\/revisions\/2613"}],"wp:featuredmedia":[{"embeddable":true,"href":"https:\/\/partycypacjaobywatelska.pl\/przestrzen\/wp-json\/wp\/v2\/media\/2610"}],"wp:attachment":[{"href":"https:\/\/partycypacjaobywatelska.pl\/przestrzen\/wp-json\/wp\/v2\/media?parent=2609"}],"wp:term":[{"taxonomy":"category","embeddable":true,"href":"https:\/\/partycypacjaobywatelska.pl\/przestrzen\/wp-json\/wp\/v2\/categories?post=2609"},{"taxonomy":"post_tag","embeddable":true,"href":"https:\/\/partycypacjaobywatelska.pl\/przestrzen\/wp-json\/wp\/v2\/tags?post=2609"}],"curies":[{"name":"wp","href":"https:\/\/api.w.org\/{rel}","templated":true}]}}