
{"id":2516,"date":"2018-11-29T11:43:01","date_gmt":"2018-11-29T10:43:01","guid":{"rendered":"http:\/\/partycypacjaobywatelska.pl\/przestrzen\/?p=2516"},"modified":"2019-07-24T11:58:04","modified_gmt":"2019-07-24T09:58:04","slug":"drugi-etap-konsultacji-w-mragowie","status":"publish","type":"post","link":"https:\/\/partycypacjaobywatelska.pl\/przestrzen\/2018\/11\/29\/drugi-etap-konsultacji-w-mragowie\/","title":{"rendered":"Zako\u0144czenie drugiego etapu konsultacji w Mr\u0105gowie"},"content":{"rendered":"<p class=\"lead\">Zako\u0144czy\u0142 si\u0119\u00a0drugi etap konsultacji &#8222;PlanujeMY Mr\u0105gowo&#8221; dotycz\u0105cych zmiany planu miejscowego obejmuj\u0105cego m.in. tereny turystyczne wzd\u0142u\u017c promenady nad Jeziorem Czos.<\/p>\n<p>Na\u00a0pierwszym\u00a0etapie konsultacji urz\u0119dnicy zbierali opinie mieszka\u0144c\u00f3w w trakcie Dni Mr\u0105gowa i Pikniku Country, podczas pikniku s\u0105siedzkiego, a tak\u017ce w urz\u0119dzie miejskim na spotkaniu z przedstawicielami biznesu.\u00a0<\/p>\n<p>Konsultacje na drugim etapie s\u0142u\u017cy\u0142y z kolei zapoznaniu mieszka\u0144c\u00f3w z opracowanym projektem zmiany planu oraz umo\u017cliwieniu im zg\u0142oszenia uwag. W tym czasie odby\u0142y si\u0119\u00a0<strong>dwa spotkania z urbanist\u0105 na temat \u0142adu przestrzennego\u00a0<\/strong>oraz\u00a0<strong>cykl spotka\u0144 z planist\u0105<\/strong>, na kt\u00f3rych\u00a0mo\u017cna by\u0142o obejrze\u0107 projekt planu\u00a0i pozna\u0107\u00a0procedur\u0119 sk\u0142adania uwag. Na koniec w urz\u0119dzie odby\u0142a si\u0119 <strong>rozbudowana dyskusja publiczna<\/strong> dotycz\u0105ca konsultowanego obszaru.\u00a0Dodatkowo urz\u0119dnicy na stronie internetowej miasta udost\u0119pnili interaktywn\u0105 map\u0119 z zapisami planu oraz zg\u0142oszonymi uwagami mieszka\u0144c\u00f3w.<\/p>\n<p>Ca\u0142y proces planistyczny zako\u0144czy\u0142 si\u0119 uchwaleniem zmiany planu przez Rad\u0119 Miejsk\u0105 w Mr\u0105gowie.<\/p>\n<p>Raport z drugiego etapu konsultacji mo\u017cna znale\u017a\u0107 <a href=\"http:\/\/partycypacjaobywatelska.pl\/przestrzen\/wp-content\/uploads\/sites\/9\/2017\/05\/mragowo_ii_raport.pdf\">tutaj<\/a>, a filmowe podsumowanie &#8211; poni\u017cej.<\/p>\n<p><iframe loading=\"lazy\" width=\"500\" height=\"281\" src=\"https:\/\/www.youtube.com\/embed\/DZhVlkPgL3k?feature=oembed\" frameborder=\"0\" allow=\"accelerometer; autoplay; encrypted-media; gyroscope; picture-in-picture\" allowfullscreen><\/iframe><\/p>\n<p>&nbsp;<\/p>\n","protected":false},"excerpt":{"rendered":"<p>Zako\u0144czy\u0142 si\u0119\u00a0drugi etap konsultacji &#8222;PlanujeMY Mr\u0105gowo&#8221; dotycz\u0105cych zmiany planu miejscowego obejmuj\u0105cego m.in. tereny turystyczne wzd\u0142u\u017c promenady nad Jeziorem Czos. Na\u00a0pierwszym\u00a0etapie konsultacji urz\u0119dnicy zbierali opinie mieszka\u0144c\u00f3w w trakcie Dni Mr\u0105gowa i Pikniku Country, podczas pikniku s\u0105siedzkiego, a tak\u017ce w urz\u0119dzie miejskim na spotkaniu z przedstawicielami biznesu.\u00a0 Konsultacje na drugim etapie s\u0142u\u017cy\u0142y z kolei zapoznaniu mieszka\u0144c\u00f3w z &hellip;<\/p>\n<a href=\"https:\/\/partycypacjaobywatelska.pl\/przestrzen\/2018\/11\/29\/drugi-etap-konsultacji-w-mragowie\/\" class=\"ReadMore\">Czytaj wi\u0119cej<\/a>","protected":false},"author":141,"featured_media":2052,"comment_status":"closed","ping_status":"closed","sticky":false,"template":"","format":"standard","meta":[],"categories":[31],"tags":[34],"_links":{"self":[{"href":"https:\/\/partycypacjaobywatelska.pl\/przestrzen\/wp-json\/wp\/v2\/posts\/2516"}],"collection":[{"href":"https:\/\/partycypacjaobywatelska.pl\/przestrzen\/wp-json\/wp\/v2\/posts"}],"about":[{"href":"https:\/\/partycypacjaobywatelska.pl\/przestrzen\/wp-json\/wp\/v2\/types\/post"}],"author":[{"embeddable":true,"href":"https:\/\/partycypacjaobywatelska.pl\/przestrzen\/wp-json\/wp\/v2\/users\/141"}],"replies":[{"embeddable":true,"href":"https:\/\/partycypacjaobywatelska.pl\/przestrzen\/wp-json\/wp\/v2\/comments?post=2516"}],"version-history":[{"count":4,"href":"https:\/\/partycypacjaobywatelska.pl\/przestrzen\/wp-json\/wp\/v2\/posts\/2516\/revisions"}],"predecessor-version":[{"id":2520,"href":"https:\/\/partycypacjaobywatelska.pl\/przestrzen\/wp-json\/wp\/v2\/posts\/2516\/revisions\/2520"}],"wp:featuredmedia":[{"embeddable":true,"href":"https:\/\/partycypacjaobywatelska.pl\/przestrzen\/wp-json\/wp\/v2\/media\/2052"}],"wp:attachment":[{"href":"https:\/\/partycypacjaobywatelska.pl\/przestrzen\/wp-json\/wp\/v2\/media?parent=2516"}],"wp:term":[{"taxonomy":"category","embeddable":true,"href":"https:\/\/partycypacjaobywatelska.pl\/przestrzen\/wp-json\/wp\/v2\/categories?post=2516"},{"taxonomy":"post_tag","embeddable":true,"href":"https:\/\/partycypacjaobywatelska.pl\/przestrzen\/wp-json\/wp\/v2\/tags?post=2516"}],"curies":[{"name":"wp","href":"https:\/\/api.w.org\/{rel}","templated":true}]}}