
{"id":2115,"date":"2018-11-05T17:41:31","date_gmt":"2018-11-05T16:41:31","guid":{"rendered":"http:\/\/partycypacjaobywatelska.pl\/przestrzen\/?p=2115"},"modified":"2018-11-05T17:43:38","modified_gmt":"2018-11-05T16:43:38","slug":"drugi-etap-konsultacji-w-rybniku","status":"publish","type":"post","link":"https:\/\/partycypacjaobywatelska.pl\/przestrzen\/2018\/11\/05\/drugi-etap-konsultacji-w-rybniku\/","title":{"rendered":"Drugi etap konsultacji w Rybniku"},"content":{"rendered":"<p class=\"lead\">W Rybniku rozpoczyna si\u0119 drugi etap konsultacji spo\u0142ecznych dotycz\u0105cych planu miejscowego dla Zamys\u0142owa &#8211; jednej\u00a0z dzielnic miasta. Projekt planu nied\u0142ugo zostanie wy\u0142o\u017cony do publicznego wgl\u0105du, a jego autorzy podczas kilku dy\u017cur\u00f3w b\u0119d\u0105 przybli\u017ca\u0107 jego szczeg\u00f3\u0142y mieszka\u0144com i odpowiada\u0107 na ich pytania.<\/p>\n<p>Uwagi do projektu planu mo\u017cna sk\u0142ada\u0107 do 21 grudnia, a wcze\u015bniej &#8211; pod koniec\u00a0listopada &#8211; odb\u0119dzie si\u0119\u00a0dyskusja publiczna nad zaproponowanymi w projekcie rozwi\u0105zaniami.<\/p>\n<p><img loading=\"lazy\" class=\"alignnone size-large wp-image-2117\" src=\"http:\/\/partycypacjaobywatelska.pl\/przestrzen\/wp-content\/uploads\/sites\/9\/2018\/11\/rybnik_plakat-724x1024.jpg\" alt=\"rybnik_plakat\" width=\"724\" height=\"1024\" srcset=\"https:\/\/partycypacjaobywatelska.pl\/przestrzen\/wp-content\/uploads\/sites\/9\/2018\/11\/rybnik_plakat-724x1024.jpg 724w, https:\/\/partycypacjaobywatelska.pl\/przestrzen\/wp-content\/uploads\/sites\/9\/2018\/11\/rybnik_plakat-212x300.jpg 212w, https:\/\/partycypacjaobywatelska.pl\/przestrzen\/wp-content\/uploads\/sites\/9\/2018\/11\/rybnik_plakat-85x120.jpg 85w\" sizes=\"(max-width: 724px) 100vw, 724px\" \/><\/p>\n<p>Raport z pierwszego etapu konsultacji jest dost\u0119pny <a href=\"http:\/\/partycypacjaobywatelska.pl\/przestrzen\/2017\/08\/23\/raport-z-konsultacji-w-rybniku\/\">tutaj<\/a>.<\/p>\n","protected":false},"excerpt":{"rendered":"<p>W Rybniku rozpoczyna si\u0119 drugi etap konsultacji spo\u0142ecznych dotycz\u0105cych planu miejscowego dla Zamys\u0142owa &#8211; jednej\u00a0z dzielnic miasta. Projekt planu nied\u0142ugo zostanie wy\u0142o\u017cony do publicznego wgl\u0105du, a jego autorzy podczas kilku dy\u017cur\u00f3w b\u0119d\u0105 przybli\u017ca\u0107 jego szczeg\u00f3\u0142y mieszka\u0144com i odpowiada\u0107 na ich pytania. Uwagi do projektu planu mo\u017cna sk\u0142ada\u0107 do 21 grudnia, a wcze\u015bniej &#8211; pod koniec\u00a0listopada &hellip;<\/p>\n<a href=\"https:\/\/partycypacjaobywatelska.pl\/przestrzen\/2018\/11\/05\/drugi-etap-konsultacji-w-rybniku\/\" class=\"ReadMore\">Czytaj wi\u0119cej<\/a>","protected":false},"author":141,"featured_media":2122,"comment_status":"closed","ping_status":"closed","sticky":false,"template":"","format":"standard","meta":[],"categories":[31],"tags":[33],"_links":{"self":[{"href":"https:\/\/partycypacjaobywatelska.pl\/przestrzen\/wp-json\/wp\/v2\/posts\/2115"}],"collection":[{"href":"https:\/\/partycypacjaobywatelska.pl\/przestrzen\/wp-json\/wp\/v2\/posts"}],"about":[{"href":"https:\/\/partycypacjaobywatelska.pl\/przestrzen\/wp-json\/wp\/v2\/types\/post"}],"author":[{"embeddable":true,"href":"https:\/\/partycypacjaobywatelska.pl\/przestrzen\/wp-json\/wp\/v2\/users\/141"}],"replies":[{"embeddable":true,"href":"https:\/\/partycypacjaobywatelska.pl\/przestrzen\/wp-json\/wp\/v2\/comments?post=2115"}],"version-history":[{"count":4,"href":"https:\/\/partycypacjaobywatelska.pl\/przestrzen\/wp-json\/wp\/v2\/posts\/2115\/revisions"}],"predecessor-version":[{"id":2123,"href":"https:\/\/partycypacjaobywatelska.pl\/przestrzen\/wp-json\/wp\/v2\/posts\/2115\/revisions\/2123"}],"wp:featuredmedia":[{"embeddable":true,"href":"https:\/\/partycypacjaobywatelska.pl\/przestrzen\/wp-json\/wp\/v2\/media\/2122"}],"wp:attachment":[{"href":"https:\/\/partycypacjaobywatelska.pl\/przestrzen\/wp-json\/wp\/v2\/media?parent=2115"}],"wp:term":[{"taxonomy":"category","embeddable":true,"href":"https:\/\/partycypacjaobywatelska.pl\/przestrzen\/wp-json\/wp\/v2\/categories?post=2115"},{"taxonomy":"post_tag","embeddable":true,"href":"https:\/\/partycypacjaobywatelska.pl\/przestrzen\/wp-json\/wp\/v2\/tags?post=2115"}],"curies":[{"name":"wp","href":"https:\/\/api.w.org\/{rel}","templated":true}]}}