
{"id":2044,"date":"2018-10-01T18:00:52","date_gmt":"2018-10-01T16:00:52","guid":{"rendered":"http:\/\/partycypacjaobywatelska.pl\/przestrzen\/?p=2044"},"modified":"2018-10-03T10:52:13","modified_gmt":"2018-10-03T08:52:13","slug":"poniedzialki-z-planista-w-mragowie","status":"publish","type":"post","link":"https:\/\/partycypacjaobywatelska.pl\/przestrzen\/2018\/10\/01\/poniedzialki-z-planista-w-mragowie\/","title":{"rendered":"Poniedzia\u0142ki z planist\u0105 w Mr\u0105gowie"},"content":{"rendered":"<p class=\"lead\">W ubieg\u0142ym roku rozpocz\u0105\u0142 si\u0119 projekt &#8222;PlanujeMY Mr\u0105gowo&#8221;, w ramach kt\u00f3rego urz\u0119dnicy konsultowali z mieszka\u0144cami, turystami i przedsi\u0119biorcami projekt planu miejscowego. Teraz trwa wy\u0142o\u017cenie projektu do publicznego wgl\u0105du, a miasto kontynuuje proces rozszerzonych konsultacji.<\/p>\n<p>By u\u0142atwi\u0107 czytanie zapis\u00f3w planu oraz sk\u0142adanie do niego uwag, urz\u0119dnicy zorganizowali &#8222;Poniedzia\u0142ki z planist\u0105&#8221;\u00a0&#8211; spotkania odbywaj\u0105ce si\u0119 poza siedzib\u0105 urz\u0119du, w trakcie kt\u00f3rych zainteresowane osoby mog\u0142y zapozna\u0107 si\u0119 z proponowanymi ustaleniami planu i zada\u0107 pytania pracownikom urz\u0119du.<\/p>\n<p><img loading=\"lazy\" class=\" size-large wp-image-2051 aligncenter\" src=\"http:\/\/partycypacjaobywatelska.pl\/przestrzen\/wp-content\/uploads\/sites\/9\/2018\/10\/mragowo_poniedzialek_plakat-729x1024.jpg\" alt=\"mr\u0105gowo_poniedzia\u0142ek_plakat\" width=\"729\" height=\"1024\" srcset=\"https:\/\/partycypacjaobywatelska.pl\/przestrzen\/wp-content\/uploads\/sites\/9\/2018\/10\/mragowo_poniedzialek_plakat-729x1024.jpg 729w, https:\/\/partycypacjaobywatelska.pl\/przestrzen\/wp-content\/uploads\/sites\/9\/2018\/10\/mragowo_poniedzialek_plakat-214x300.jpg 214w, https:\/\/partycypacjaobywatelska.pl\/przestrzen\/wp-content\/uploads\/sites\/9\/2018\/10\/mragowo_poniedzialek_plakat-85x120.jpg 85w\" sizes=\"(max-width: 729px) 100vw, 729px\" \/><\/p>\n<div id='gallery-1' class='gallery galleryid-2044 gallery-columns-3 gallery-size-medium'><figure class='gallery-item'>\n\t\t\t<div class='gallery-icon landscape'>\n\t\t\t\t<a href='https:\/\/partycypacjaobywatelska.pl\/przestrzen\/wp-content\/uploads\/sites\/9\/2018\/10\/mragowo_poniedzialek_1.jpg'><img width=\"300\" height=\"200\" src=\"https:\/\/partycypacjaobywatelska.pl\/przestrzen\/wp-content\/uploads\/sites\/9\/2018\/10\/mragowo_poniedzialek_1-300x200.jpg\" class=\"attachment-medium size-medium\" alt=\"\" loading=\"lazy\" srcset=\"https:\/\/partycypacjaobywatelska.pl\/przestrzen\/wp-content\/uploads\/sites\/9\/2018\/10\/mragowo_poniedzialek_1-300x200.jpg 300w, https:\/\/partycypacjaobywatelska.pl\/przestrzen\/wp-content\/uploads\/sites\/9\/2018\/10\/mragowo_poniedzialek_1-1024x683.jpg 1024w, https:\/\/partycypacjaobywatelska.pl\/przestrzen\/wp-content\/uploads\/sites\/9\/2018\/10\/mragowo_poniedzialek_1-180x120.jpg 180w, https:\/\/partycypacjaobywatelska.pl\/przestrzen\/wp-content\/uploads\/sites\/9\/2018\/10\/mragowo_poniedzialek_1.jpg 1728w\" sizes=\"(max-width: 300px) 100vw, 300px\" \/><\/a>\n\t\t\t<\/div><\/figure><figure class='gallery-item'>\n\t\t\t<div class='gallery-icon landscape'>\n\t\t\t\t<a href='https:\/\/partycypacjaobywatelska.pl\/przestrzen\/wp-content\/uploads\/sites\/9\/2018\/10\/mragowo_poniedzialek_2.jpg'><img width=\"300\" height=\"200\" src=\"https:\/\/partycypacjaobywatelska.pl\/przestrzen\/wp-content\/uploads\/sites\/9\/2018\/10\/mragowo_poniedzialek_2-300x200.jpg\" class=\"attachment-medium size-medium\" alt=\"\" loading=\"lazy\" srcset=\"https:\/\/partycypacjaobywatelska.pl\/przestrzen\/wp-content\/uploads\/sites\/9\/2018\/10\/mragowo_poniedzialek_2-300x200.jpg 300w, https:\/\/partycypacjaobywatelska.pl\/przestrzen\/wp-content\/uploads\/sites\/9\/2018\/10\/mragowo_poniedzialek_2-1024x683.jpg 1024w, https:\/\/partycypacjaobywatelska.pl\/przestrzen\/wp-content\/uploads\/sites\/9\/2018\/10\/mragowo_poniedzialek_2-180x120.jpg 180w, https:\/\/partycypacjaobywatelska.pl\/przestrzen\/wp-content\/uploads\/sites\/9\/2018\/10\/mragowo_poniedzialek_2.jpg 1728w\" sizes=\"(max-width: 300px) 100vw, 300px\" \/><\/a>\n\t\t\t<\/div><\/figure><figure class='gallery-item'>\n\t\t\t<div class='gallery-icon landscape'>\n\t\t\t\t<a href='https:\/\/partycypacjaobywatelska.pl\/przestrzen\/wp-content\/uploads\/sites\/9\/2018\/10\/mragowo_poniedzialek_3.jpg'><img width=\"300\" height=\"200\" src=\"https:\/\/partycypacjaobywatelska.pl\/przestrzen\/wp-content\/uploads\/sites\/9\/2018\/10\/mragowo_poniedzialek_3-300x200.jpg\" class=\"attachment-medium size-medium\" alt=\"\" loading=\"lazy\" srcset=\"https:\/\/partycypacjaobywatelska.pl\/przestrzen\/wp-content\/uploads\/sites\/9\/2018\/10\/mragowo_poniedzialek_3-300x200.jpg 300w, https:\/\/partycypacjaobywatelska.pl\/przestrzen\/wp-content\/uploads\/sites\/9\/2018\/10\/mragowo_poniedzialek_3-1024x683.jpg 1024w, https:\/\/partycypacjaobywatelska.pl\/przestrzen\/wp-content\/uploads\/sites\/9\/2018\/10\/mragowo_poniedzialek_3-180x120.jpg 180w, https:\/\/partycypacjaobywatelska.pl\/przestrzen\/wp-content\/uploads\/sites\/9\/2018\/10\/mragowo_poniedzialek_3.jpg 1728w\" sizes=\"(max-width: 300px) 100vw, 300px\" \/><\/a>\n\t\t\t<\/div><\/figure><figure class='gallery-item'>\n\t\t\t<div class='gallery-icon landscape'>\n\t\t\t\t<a href='https:\/\/partycypacjaobywatelska.pl\/przestrzen\/wp-content\/uploads\/sites\/9\/2018\/10\/mragowo_poniedzialek-4.jpg'><img width=\"300\" height=\"200\" src=\"https:\/\/partycypacjaobywatelska.pl\/przestrzen\/wp-content\/uploads\/sites\/9\/2018\/10\/mragowo_poniedzialek-4-300x200.jpg\" class=\"attachment-medium size-medium\" alt=\"\" loading=\"lazy\" srcset=\"https:\/\/partycypacjaobywatelska.pl\/przestrzen\/wp-content\/uploads\/sites\/9\/2018\/10\/mragowo_poniedzialek-4-300x200.jpg 300w, https:\/\/partycypacjaobywatelska.pl\/przestrzen\/wp-content\/uploads\/sites\/9\/2018\/10\/mragowo_poniedzialek-4-1024x682.jpg 1024w, https:\/\/partycypacjaobywatelska.pl\/przestrzen\/wp-content\/uploads\/sites\/9\/2018\/10\/mragowo_poniedzialek-4-180x120.jpg 180w, https:\/\/partycypacjaobywatelska.pl\/przestrzen\/wp-content\/uploads\/sites\/9\/2018\/10\/mragowo_poniedzialek-4.jpg 1280w\" sizes=\"(max-width: 300px) 100vw, 300px\" \/><\/a>\n\t\t\t<\/div><\/figure><figure class='gallery-item'>\n\t\t\t<div class='gallery-icon landscape'>\n\t\t\t\t<a href='https:\/\/partycypacjaobywatelska.pl\/przestrzen\/wp-content\/uploads\/sites\/9\/2018\/10\/mragowo_poniedzialek-2.jpg'><img width=\"300\" height=\"200\" src=\"https:\/\/partycypacjaobywatelska.pl\/przestrzen\/wp-content\/uploads\/sites\/9\/2018\/10\/mragowo_poniedzialek-2-300x200.jpg\" class=\"attachment-medium size-medium\" alt=\"\" loading=\"lazy\" srcset=\"https:\/\/partycypacjaobywatelska.pl\/przestrzen\/wp-content\/uploads\/sites\/9\/2018\/10\/mragowo_poniedzialek-2-300x200.jpg 300w, https:\/\/partycypacjaobywatelska.pl\/przestrzen\/wp-content\/uploads\/sites\/9\/2018\/10\/mragowo_poniedzialek-2-1024x682.jpg 1024w, https:\/\/partycypacjaobywatelska.pl\/przestrzen\/wp-content\/uploads\/sites\/9\/2018\/10\/mragowo_poniedzialek-2-180x120.jpg 180w, https:\/\/partycypacjaobywatelska.pl\/przestrzen\/wp-content\/uploads\/sites\/9\/2018\/10\/mragowo_poniedzialek-2.jpg 1280w\" sizes=\"(max-width: 300px) 100vw, 300px\" \/><\/a>\n\t\t\t<\/div><\/figure><figure class='gallery-item'>\n\t\t\t<div class='gallery-icon landscape'>\n\t\t\t\t<a href='https:\/\/partycypacjaobywatelska.pl\/przestrzen\/wp-content\/uploads\/sites\/9\/2018\/10\/mragowo_poniedzialek-3.jpg'><img width=\"300\" height=\"200\" src=\"https:\/\/partycypacjaobywatelska.pl\/przestrzen\/wp-content\/uploads\/sites\/9\/2018\/10\/mragowo_poniedzialek-3-300x200.jpg\" class=\"attachment-medium size-medium\" alt=\"\" loading=\"lazy\" srcset=\"https:\/\/partycypacjaobywatelska.pl\/przestrzen\/wp-content\/uploads\/sites\/9\/2018\/10\/mragowo_poniedzialek-3-300x200.jpg 300w, https:\/\/partycypacjaobywatelska.pl\/przestrzen\/wp-content\/uploads\/sites\/9\/2018\/10\/mragowo_poniedzialek-3-1024x682.jpg 1024w, https:\/\/partycypacjaobywatelska.pl\/przestrzen\/wp-content\/uploads\/sites\/9\/2018\/10\/mragowo_poniedzialek-3-180x120.jpg 180w, https:\/\/partycypacjaobywatelska.pl\/przestrzen\/wp-content\/uploads\/sites\/9\/2018\/10\/mragowo_poniedzialek-3.jpg 1280w\" sizes=\"(max-width: 300px) 100vw, 300px\" \/><\/a>\n\t\t\t<\/div><\/figure>\n\t\t<\/div>\n\n<p style=\"text-align: center\">Fot. Urz\u0105d Miejski w Mr\u0105gowie<\/p>\n","protected":false},"excerpt":{"rendered":"<p>W ubieg\u0142ym roku rozpocz\u0105\u0142 si\u0119 projekt &#8222;PlanujeMY Mr\u0105gowo&#8221;, w ramach kt\u00f3rego urz\u0119dnicy konsultowali z mieszka\u0144cami, turystami i przedsi\u0119biorcami projekt planu miejscowego. Teraz trwa wy\u0142o\u017cenie projektu do publicznego wgl\u0105du, a miasto kontynuuje proces rozszerzonych konsultacji. By u\u0142atwi\u0107 czytanie zapis\u00f3w planu oraz sk\u0142adanie do niego uwag, urz\u0119dnicy zorganizowali &#8222;Poniedzia\u0142ki z planist\u0105&#8221;\u00a0&#8211; spotkania odbywaj\u0105ce si\u0119 poza siedzib\u0105 urz\u0119du, &hellip;<\/p>\n<a href=\"https:\/\/partycypacjaobywatelska.pl\/przestrzen\/2018\/10\/01\/poniedzialki-z-planista-w-mragowie\/\" class=\"ReadMore\">Czytaj wi\u0119cej<\/a>","protected":false},"author":141,"featured_media":2052,"comment_status":"closed","ping_status":"closed","sticky":false,"template":"","format":"standard","meta":[],"categories":[31],"tags":[34],"_links":{"self":[{"href":"https:\/\/partycypacjaobywatelska.pl\/przestrzen\/wp-json\/wp\/v2\/posts\/2044"}],"collection":[{"href":"https:\/\/partycypacjaobywatelska.pl\/przestrzen\/wp-json\/wp\/v2\/posts"}],"about":[{"href":"https:\/\/partycypacjaobywatelska.pl\/przestrzen\/wp-json\/wp\/v2\/types\/post"}],"author":[{"embeddable":true,"href":"https:\/\/partycypacjaobywatelska.pl\/przestrzen\/wp-json\/wp\/v2\/users\/141"}],"replies":[{"embeddable":true,"href":"https:\/\/partycypacjaobywatelska.pl\/przestrzen\/wp-json\/wp\/v2\/comments?post=2044"}],"version-history":[{"count":7,"href":"https:\/\/partycypacjaobywatelska.pl\/przestrzen\/wp-json\/wp\/v2\/posts\/2044\/revisions"}],"predecessor-version":[{"id":2078,"href":"https:\/\/partycypacjaobywatelska.pl\/przestrzen\/wp-json\/wp\/v2\/posts\/2044\/revisions\/2078"}],"wp:featuredmedia":[{"embeddable":true,"href":"https:\/\/partycypacjaobywatelska.pl\/przestrzen\/wp-json\/wp\/v2\/media\/2052"}],"wp:attachment":[{"href":"https:\/\/partycypacjaobywatelska.pl\/przestrzen\/wp-json\/wp\/v2\/media?parent=2044"}],"wp:term":[{"taxonomy":"category","embeddable":true,"href":"https:\/\/partycypacjaobywatelska.pl\/przestrzen\/wp-json\/wp\/v2\/categories?post=2044"},{"taxonomy":"post_tag","embeddable":true,"href":"https:\/\/partycypacjaobywatelska.pl\/przestrzen\/wp-json\/wp\/v2\/tags?post=2044"}],"curies":[{"name":"wp","href":"https:\/\/api.w.org\/{rel}","templated":true}]}}