
{"id":2041,"date":"2018-09-03T13:47:32","date_gmt":"2018-09-03T11:47:32","guid":{"rendered":"http:\/\/partycypacjaobywatelska.pl\/przestrzen\/?p=2041"},"modified":"2018-09-13T14:24:34","modified_gmt":"2018-09-13T12:24:34","slug":"spotkanie-konsultacyjne-w-mosinie","status":"publish","type":"post","link":"https:\/\/partycypacjaobywatelska.pl\/przestrzen\/2018\/09\/03\/spotkanie-konsultacyjne-w-mosinie\/","title":{"rendered":"Spotkanie konsultacyjne w Mosinie"},"content":{"rendered":"<p class=\"lead\">Pod koniec sierpnia w \u015bwietlicy wiejskiej w Czapurze (gm. Mosina) odby\u0142o si\u0119 spotkanie\u00a0otwarte dotycz\u0105ce przygotowywanego planu miejscowego dla tej cz\u0119\u015bci gminy.<\/p>\n<p>Na spotkaniu urz\u0119dnicy przedstawili prezentacj\u0119 dotycz\u0105c\u0105 konsultowanego obszaru, opowiedzieli o dokumentach planistycznych, kt\u00f3re obecnie obowi\u0105zuj\u0105, a tak\u017ce o istniej\u0105cych formach ochrony przyrody i osuwisku s\u0105siaduj\u0105cych z terenem obj\u0119tym konsultacjami. Prezentacja jest dost\u0119pna <a href=\"http:\/\/bip.mosina.pl\/zasoby\/files\/planowanie\/2018\/czapury_2-konsultacje_1.pdf\" target=\"_blank\">tutaj<\/a>.<\/p>\n<p>W trakcie spotkania mieszka\u0144cy przedstawili swoje opinie i uwagi m.in. na temat preferowanych rodzaj\u00f3w zagospodarowania przestrzeni (zabudowa mieszkaniowa, us\u0142ugi itp.) i podzia\u0142u dzia\u0142ek budowlanych, wype\u0142nili r\u00f3wnie\u017c kr\u00f3tk\u0105 ankiet\u0119, kt\u00f3ra w wersji on-line jest dost\u0119pna <a href=\"https:\/\/www.konsultacje.metropoliapoznan.pl\/articlesView,371,34,Plan-miejscowy-w-Czapurach-spotkanie-konsultacyjne-i-ANKIETA,PL\" target=\"_blank\">tutaj<\/a>.<\/p>\n<p>&nbsp;<\/p>\n","protected":false},"excerpt":{"rendered":"<p>Pod koniec sierpnia w \u015bwietlicy wiejskiej w Czapurze (gm. Mosina) odby\u0142o si\u0119 spotkanie\u00a0otwarte dotycz\u0105ce przygotowywanego planu miejscowego dla tej cz\u0119\u015bci gminy. Na spotkaniu urz\u0119dnicy przedstawili prezentacj\u0119 dotycz\u0105c\u0105 konsultowanego obszaru, opowiedzieli o dokumentach planistycznych, kt\u00f3re obecnie obowi\u0105zuj\u0105, a tak\u017ce o istniej\u0105cych formach ochrony przyrody i osuwisku s\u0105siaduj\u0105cych z terenem obj\u0119tym konsultacjami. Prezentacja jest dost\u0119pna tutaj. W &hellip;<\/p>\n<a href=\"https:\/\/partycypacjaobywatelska.pl\/przestrzen\/2018\/09\/03\/spotkanie-konsultacyjne-w-mosinie\/\" class=\"ReadMore\">Czytaj wi\u0119cej<\/a>","protected":false},"author":141,"featured_media":2043,"comment_status":"closed","ping_status":"closed","sticky":false,"template":"","format":"standard","meta":[],"categories":[31],"tags":[52],"_links":{"self":[{"href":"https:\/\/partycypacjaobywatelska.pl\/przestrzen\/wp-json\/wp\/v2\/posts\/2041"}],"collection":[{"href":"https:\/\/partycypacjaobywatelska.pl\/przestrzen\/wp-json\/wp\/v2\/posts"}],"about":[{"href":"https:\/\/partycypacjaobywatelska.pl\/przestrzen\/wp-json\/wp\/v2\/types\/post"}],"author":[{"embeddable":true,"href":"https:\/\/partycypacjaobywatelska.pl\/przestrzen\/wp-json\/wp\/v2\/users\/141"}],"replies":[{"embeddable":true,"href":"https:\/\/partycypacjaobywatelska.pl\/przestrzen\/wp-json\/wp\/v2\/comments?post=2041"}],"version-history":[{"count":1,"href":"https:\/\/partycypacjaobywatelska.pl\/przestrzen\/wp-json\/wp\/v2\/posts\/2041\/revisions"}],"predecessor-version":[{"id":2042,"href":"https:\/\/partycypacjaobywatelska.pl\/przestrzen\/wp-json\/wp\/v2\/posts\/2041\/revisions\/2042"}],"wp:featuredmedia":[{"embeddable":true,"href":"https:\/\/partycypacjaobywatelska.pl\/przestrzen\/wp-json\/wp\/v2\/media\/2043"}],"wp:attachment":[{"href":"https:\/\/partycypacjaobywatelska.pl\/przestrzen\/wp-json\/wp\/v2\/media?parent=2041"}],"wp:term":[{"taxonomy":"category","embeddable":true,"href":"https:\/\/partycypacjaobywatelska.pl\/przestrzen\/wp-json\/wp\/v2\/categories?post=2041"},{"taxonomy":"post_tag","embeddable":true,"href":"https:\/\/partycypacjaobywatelska.pl\/przestrzen\/wp-json\/wp\/v2\/tags?post=2041"}],"curies":[{"name":"wp","href":"https:\/\/api.w.org\/{rel}","templated":true}]}}