
{"id":2022,"date":"2018-08-10T13:29:30","date_gmt":"2018-08-10T11:29:30","guid":{"rendered":"http:\/\/partycypacjaobywatelska.pl\/przestrzen\/?p=2022"},"modified":"2018-08-16T13:37:32","modified_gmt":"2018-08-16T11:37:32","slug":"raport-z-konsultacji-w-czerwonaku","status":"publish","type":"post","link":"https:\/\/partycypacjaobywatelska.pl\/przestrzen\/2018\/08\/10\/raport-z-konsultacji-w-czerwonaku\/","title":{"rendered":"Raport z konsultacji w Czerwonaku"},"content":{"rendered":"<p class=\"lead\">W\u00a0gminie Czerwonak zako\u0144czy\u0142y si\u0119\u00a0konsultacje spo\u0142eczne dotycz\u0105ce\u00a0projektu planu miejscowego. W wyniku uwag z\u0142o\u017conych przez uczestnik\u00f3w konsultacji projekt planu zosta\u0142 podzielony na dwie cz\u0119\u015bci. Z projektem mieszka\u0144cy b\u0119d\u0105 mogli zapozna\u0107 si\u0119 ju\u017c pod koniec 2018 r.<\/p>\n<p>Przebieg konsultacji i rezultaty kilkumiesi\u0119cznego procesu\u00a0w\u0142\u0105czaj\u0105cego mieszka\u0144c\u00f3w w tworzenie projektu planu podsumowano w raporcie (dost\u0119pny <a href=\"http:\/\/partycypacjaobywatelska.pl\/przestrzen\/wp-content\/uploads\/sites\/9\/2018\/08\/raport-z-konsultacji-czerwonak.pdf\">tutaj<\/a>).<\/p>\n","protected":false},"excerpt":{"rendered":"<p>W\u00a0gminie Czerwonak zako\u0144czy\u0142y si\u0119\u00a0konsultacje spo\u0142eczne dotycz\u0105ce\u00a0projektu planu miejscowego. W wyniku uwag z\u0142o\u017conych przez uczestnik\u00f3w konsultacji projekt planu zosta\u0142 podzielony na dwie cz\u0119\u015bci. Z projektem mieszka\u0144cy b\u0119d\u0105 mogli zapozna\u0107 si\u0119 ju\u017c pod koniec 2018 r. Przebieg konsultacji i rezultaty kilkumiesi\u0119cznego procesu\u00a0w\u0142\u0105czaj\u0105cego mieszka\u0144c\u00f3w w tworzenie projektu planu podsumowano w raporcie (dost\u0119pny tutaj).<\/p>\n<a href=\"https:\/\/partycypacjaobywatelska.pl\/przestrzen\/2018\/08\/10\/raport-z-konsultacji-w-czerwonaku\/\" class=\"ReadMore\">Czytaj wi\u0119cej<\/a>","protected":false},"author":141,"featured_media":2026,"comment_status":"closed","ping_status":"closed","sticky":false,"template":"","format":"standard","meta":[],"categories":[31],"tags":[39],"_links":{"self":[{"href":"https:\/\/partycypacjaobywatelska.pl\/przestrzen\/wp-json\/wp\/v2\/posts\/2022"}],"collection":[{"href":"https:\/\/partycypacjaobywatelska.pl\/przestrzen\/wp-json\/wp\/v2\/posts"}],"about":[{"href":"https:\/\/partycypacjaobywatelska.pl\/przestrzen\/wp-json\/wp\/v2\/types\/post"}],"author":[{"embeddable":true,"href":"https:\/\/partycypacjaobywatelska.pl\/przestrzen\/wp-json\/wp\/v2\/users\/141"}],"replies":[{"embeddable":true,"href":"https:\/\/partycypacjaobywatelska.pl\/przestrzen\/wp-json\/wp\/v2\/comments?post=2022"}],"version-history":[{"count":2,"href":"https:\/\/partycypacjaobywatelska.pl\/przestrzen\/wp-json\/wp\/v2\/posts\/2022\/revisions"}],"predecessor-version":[{"id":2027,"href":"https:\/\/partycypacjaobywatelska.pl\/przestrzen\/wp-json\/wp\/v2\/posts\/2022\/revisions\/2027"}],"wp:featuredmedia":[{"embeddable":true,"href":"https:\/\/partycypacjaobywatelska.pl\/przestrzen\/wp-json\/wp\/v2\/media\/2026"}],"wp:attachment":[{"href":"https:\/\/partycypacjaobywatelska.pl\/przestrzen\/wp-json\/wp\/v2\/media?parent=2022"}],"wp:term":[{"taxonomy":"category","embeddable":true,"href":"https:\/\/partycypacjaobywatelska.pl\/przestrzen\/wp-json\/wp\/v2\/categories?post=2022"},{"taxonomy":"post_tag","embeddable":true,"href":"https:\/\/partycypacjaobywatelska.pl\/przestrzen\/wp-json\/wp\/v2\/tags?post=2022"}],"curies":[{"name":"wp","href":"https:\/\/api.w.org\/{rel}","templated":true}]}}