
{"id":1544,"date":"2017-12-09T16:40:34","date_gmt":"2017-12-09T15:40:34","guid":{"rendered":"http:\/\/partycypacjaobywatelska.pl\/przestrzen\/?p=1544"},"modified":"2018-04-24T16:09:03","modified_gmt":"2018-04-24T14:09:03","slug":"podsumowanie-konsultacji-w-gminie-piaseczno","status":"publish","type":"post","link":"https:\/\/partycypacjaobywatelska.pl\/przestrzen\/2017\/12\/09\/podsumowanie-konsultacji-w-gminie-piaseczno\/","title":{"rendered":"Podsumowanie konsultacji w gminie Piaseczno"},"content":{"rendered":"<p class=\"lead\">Zako\u0144czy\u0142y si\u0119 trwaj\u0105ce od sierpnia konsultacje planu miejscowego dla Zalesia G\u00f3rnego w gminie Piaseczno. Urz\u0119dnicy zebrali uwagi mieszka\u0144c\u00f3w &#8211; to \u0142\u0105cznie ponad 20 wniosk\u00f3w &#8211; og\u00f3lnych, dotycz\u0105cych poszczeg\u00f3lnych miejsc i zagadnie\u0144 komunikacyjnych.<\/p>\n<p>Wnioski mieszka\u0144c\u00f3w znajduj\u0105 si\u0119 <a href=\"https:\/\/piaseczno.eu\/podsumowanie-konsultacji-w-zalesiu-gornym\/\" target=\"_blank\">tutaj<\/a>, a pe\u0142ny raport z konsultacji &#8211; <a href=\"http:\/\/partycypacjaobywatelska.pl\/przestrzen\/wp-content\/uploads\/sites\/9\/2017\/12\/raport_zalesie-gorne-2018-03-20.pdf\">tutaj<\/a>.<\/p>\n<p>Dalsze prace b\u0119d\u0105 polega\u0142y na sprawdzeniu, kt\u00f3re z wniosk\u00f3w p\u0142yn\u0105cych z procesu konsultacyjnego urz\u0105d jest w stanie przeku\u0107 na zapisy miejscowego planu zagospodarowania przestrzennego.\u00a0Mieszka\u0144cy b\u0119d\u0105 mieli\u00a0mo\u017cliwo\u015b\u0107 to sprawdzi\u0107 podczas kolejnych konsultacji zwi\u0105zanych z opracowywaniem projektu, szczeg\u00f3lnie na etapie wy\u0142o\u017cenia do publicznego wgl\u0105du.<\/p>\n<p class=\"lead\"><img loading=\"lazy\" class=\"alignnone size-large wp-image-1546\" src=\"http:\/\/partycypacjaobywatelska.pl\/przestrzen\/wp-content\/uploads\/sites\/9\/2017\/12\/podsumowanie-2017-12-08-rysunek-1024x871.jpg\" alt=\"Podsumowanie-2017.12.08-rysunek\" width=\"1024\" height=\"871\" srcset=\"https:\/\/partycypacjaobywatelska.pl\/przestrzen\/wp-content\/uploads\/sites\/9\/2017\/12\/podsumowanie-2017-12-08-rysunek-1024x871.jpg 1024w, https:\/\/partycypacjaobywatelska.pl\/przestrzen\/wp-content\/uploads\/sites\/9\/2017\/12\/podsumowanie-2017-12-08-rysunek-300x255.jpg 300w, https:\/\/partycypacjaobywatelska.pl\/przestrzen\/wp-content\/uploads\/sites\/9\/2017\/12\/podsumowanie-2017-12-08-rysunek-141x120.jpg 141w\" sizes=\"(max-width: 1024px) 100vw, 1024px\" \/><\/p>\n<p>\u0179r\u00f3d\u0142o informacji:\u00a0<a href=\"https:\/\/piaseczno.eu\/podsumowanie-konsultacji-w-zalesiu-gornym\/\" target=\"_blank\">www.piaseczno.eu<\/a>.<\/p>\n","protected":false},"excerpt":{"rendered":"<p>Zako\u0144czy\u0142y si\u0119 trwaj\u0105ce od sierpnia konsultacje planu miejscowego dla Zalesia G\u00f3rnego w gminie Piaseczno. Urz\u0119dnicy zebrali uwagi mieszka\u0144c\u00f3w &#8211; to \u0142\u0105cznie ponad 20 wniosk\u00f3w &#8211; og\u00f3lnych, dotycz\u0105cych poszczeg\u00f3lnych miejsc i zagadnie\u0144 komunikacyjnych. Wnioski mieszka\u0144c\u00f3w znajduj\u0105 si\u0119 tutaj, a pe\u0142ny raport z konsultacji &#8211; tutaj. Dalsze prace b\u0119d\u0105 polega\u0142y na sprawdzeniu, kt\u00f3re z wniosk\u00f3w p\u0142yn\u0105cych z &hellip;<\/p>\n<a href=\"https:\/\/partycypacjaobywatelska.pl\/przestrzen\/2017\/12\/09\/podsumowanie-konsultacji-w-gminie-piaseczno\/\" class=\"ReadMore\">Czytaj wi\u0119cej<\/a>","protected":false},"author":141,"featured_media":1546,"comment_status":"closed","ping_status":"closed","sticky":false,"template":"","format":"standard","meta":[],"categories":[31],"tags":[37],"_links":{"self":[{"href":"https:\/\/partycypacjaobywatelska.pl\/przestrzen\/wp-json\/wp\/v2\/posts\/1544"}],"collection":[{"href":"https:\/\/partycypacjaobywatelska.pl\/przestrzen\/wp-json\/wp\/v2\/posts"}],"about":[{"href":"https:\/\/partycypacjaobywatelska.pl\/przestrzen\/wp-json\/wp\/v2\/types\/post"}],"author":[{"embeddable":true,"href":"https:\/\/partycypacjaobywatelska.pl\/przestrzen\/wp-json\/wp\/v2\/users\/141"}],"replies":[{"embeddable":true,"href":"https:\/\/partycypacjaobywatelska.pl\/przestrzen\/wp-json\/wp\/v2\/comments?post=1544"}],"version-history":[{"count":8,"href":"https:\/\/partycypacjaobywatelska.pl\/przestrzen\/wp-json\/wp\/v2\/posts\/1544\/revisions"}],"predecessor-version":[{"id":1870,"href":"https:\/\/partycypacjaobywatelska.pl\/przestrzen\/wp-json\/wp\/v2\/posts\/1544\/revisions\/1870"}],"wp:featuredmedia":[{"embeddable":true,"href":"https:\/\/partycypacjaobywatelska.pl\/przestrzen\/wp-json\/wp\/v2\/media\/1546"}],"wp:attachment":[{"href":"https:\/\/partycypacjaobywatelska.pl\/przestrzen\/wp-json\/wp\/v2\/media?parent=1544"}],"wp:term":[{"taxonomy":"category","embeddable":true,"href":"https:\/\/partycypacjaobywatelska.pl\/przestrzen\/wp-json\/wp\/v2\/categories?post=1544"},{"taxonomy":"post_tag","embeddable":true,"href":"https:\/\/partycypacjaobywatelska.pl\/przestrzen\/wp-json\/wp\/v2\/tags?post=1544"}],"curies":[{"name":"wp","href":"https:\/\/api.w.org\/{rel}","templated":true}]}}