
{"id":1316,"date":"2017-09-26T10:45:37","date_gmt":"2017-09-26T08:45:37","guid":{"rendered":"http:\/\/partycypacjaobywatelska.pl\/przestrzen\/?p=1316"},"modified":"2017-10-12T14:18:45","modified_gmt":"2017-10-12T12:18:45","slug":"piknik-sasiedzki-i-spacer-historyczny-w-mragowie","status":"publish","type":"post","link":"https:\/\/partycypacjaobywatelska.pl\/przestrzen\/2017\/09\/26\/piknik-sasiedzki-i-spacer-historyczny-w-mragowie\/","title":{"rendered":"Piknik s\u0105siedzki i spacer historyczny w Mr\u0105gowie"},"content":{"rendered":"<p class=\"lead\">Pod koniec wrze\u015bnia mr\u0105gowscy urz\u0119dnicy zorganizowali dla mieszka\u0144c\u00f3w piknik s\u0105siedzki. Spotkanie by\u0142o pretekstem do rozmowy o \u0142adzie przestrzennym cz\u0119\u015bci miasta, dla kt\u00f3rej szykowany jest plan miejscowy.<\/p>\n<p>Piknik rozpocz\u0105\u0142 si\u0119 spacerem historycznym,\u00a0podczas\u00a0kt\u00f3rego mo\u017cna by\u0142o dowiedzie\u0107 si\u0119, kiedy powsta\u0142a dzielnica, pozna\u0107 histori\u0119 poszczeg\u00f3lnych budynk\u00f3w i obejrze\u0107\u00a0archiwalne\u00a0zdj\u0119cia. Uczestnicy spaceru dzielili si\u0119 te\u017c swoimi opowie\u015bciami i wspomnieniami na temat mijanych miejsc.<\/p>\n<p><img loading=\"lazy\" class=\"alignnone size-large wp-image-1321\" src=\"http:\/\/partycypacjaobywatelska.pl\/przestrzen\/wp-content\/uploads\/sites\/9\/2017\/09\/mragowo_piotr-smolnicki_001-1024x575.jpg\" alt=\"mr\u0105gowo_piotr smolnicki_001\" width=\"1024\" height=\"575\" srcset=\"https:\/\/partycypacjaobywatelska.pl\/przestrzen\/wp-content\/uploads\/sites\/9\/2017\/09\/mragowo_piotr-smolnicki_001-1024x575.jpg 1024w, https:\/\/partycypacjaobywatelska.pl\/przestrzen\/wp-content\/uploads\/sites\/9\/2017\/09\/mragowo_piotr-smolnicki_001-300x169.jpg 300w, https:\/\/partycypacjaobywatelska.pl\/przestrzen\/wp-content\/uploads\/sites\/9\/2017\/09\/mragowo_piotr-smolnicki_001-400x225.jpg 400w, https:\/\/partycypacjaobywatelska.pl\/przestrzen\/wp-content\/uploads\/sites\/9\/2017\/09\/mragowo_piotr-smolnicki_001-214x120.jpg 214w\" sizes=\"(max-width: 1024px) 100vw, 1024px\" \/><\/p>\n<p style=\"text-align: center\">Fot. Piotr Smolnicki<\/p>\n<p>W trakcie w\u0142a\u015bciwej cz\u0119\u015bci pikniku urz\u0119dnicy rozmawiali z mieszka\u0144cami o przysz\u0142ym\u00a0zagospodarowaniu\u00a0ich s\u0105siedztwa, w tym o elementach wartych zachowania, takich jak drewniane werandy czy ceramiczne dach\u00f3wki, oraz o rzeczach wymagaj\u0105cych zmiany. Dyskusji dla rodzic\u00f3w towarzyszy\u0142y zabawy dla dzieci.<\/p>\n<div id='gallery-1' class='gallery galleryid-1316 gallery-columns-3 gallery-size-medium'><figure class='gallery-item'>\n\t\t\t<div class='gallery-icon landscape'>\n\t\t\t\t<a href='https:\/\/partycypacjaobywatelska.pl\/przestrzen\/wp-content\/uploads\/sites\/9\/2017\/09\/mragowo_piknik-4.jpg'><img width=\"300\" height=\"200\" src=\"https:\/\/partycypacjaobywatelska.pl\/przestrzen\/wp-content\/uploads\/sites\/9\/2017\/09\/mragowo_piknik-4-300x200.jpg\" class=\"attachment-medium size-medium\" alt=\"\" loading=\"lazy\" srcset=\"https:\/\/partycypacjaobywatelska.pl\/przestrzen\/wp-content\/uploads\/sites\/9\/2017\/09\/mragowo_piknik-4-300x200.jpg 300w, https:\/\/partycypacjaobywatelska.pl\/przestrzen\/wp-content\/uploads\/sites\/9\/2017\/09\/mragowo_piknik-4-1024x682.jpg 1024w, https:\/\/partycypacjaobywatelska.pl\/przestrzen\/wp-content\/uploads\/sites\/9\/2017\/09\/mragowo_piknik-4-180x120.jpg 180w, https:\/\/partycypacjaobywatelska.pl\/przestrzen\/wp-content\/uploads\/sites\/9\/2017\/09\/mragowo_piknik-4.jpg 1364w\" sizes=\"(max-width: 300px) 100vw, 300px\" \/><\/a>\n\t\t\t<\/div><\/figure><figure class='gallery-item'>\n\t\t\t<div class='gallery-icon landscape'>\n\t\t\t\t<a href='https:\/\/partycypacjaobywatelska.pl\/przestrzen\/wp-content\/uploads\/sites\/9\/2017\/09\/mragowo_piknik-2.jpg'><img width=\"300\" height=\"200\" src=\"https:\/\/partycypacjaobywatelska.pl\/przestrzen\/wp-content\/uploads\/sites\/9\/2017\/09\/mragowo_piknik-2-300x200.jpg\" class=\"attachment-medium size-medium\" alt=\"\" loading=\"lazy\" srcset=\"https:\/\/partycypacjaobywatelska.pl\/przestrzen\/wp-content\/uploads\/sites\/9\/2017\/09\/mragowo_piknik-2-300x200.jpg 300w, https:\/\/partycypacjaobywatelska.pl\/przestrzen\/wp-content\/uploads\/sites\/9\/2017\/09\/mragowo_piknik-2-1024x682.jpg 1024w, https:\/\/partycypacjaobywatelska.pl\/przestrzen\/wp-content\/uploads\/sites\/9\/2017\/09\/mragowo_piknik-2-180x120.jpg 180w, https:\/\/partycypacjaobywatelska.pl\/przestrzen\/wp-content\/uploads\/sites\/9\/2017\/09\/mragowo_piknik-2.jpg 1364w\" sizes=\"(max-width: 300px) 100vw, 300px\" \/><\/a>\n\t\t\t<\/div><\/figure><figure class='gallery-item'>\n\t\t\t<div class='gallery-icon landscape'>\n\t\t\t\t<a href='https:\/\/partycypacjaobywatelska.pl\/przestrzen\/wp-content\/uploads\/sites\/9\/2017\/09\/mragowo_piknik-1.jpg'><img width=\"300\" height=\"200\" src=\"https:\/\/partycypacjaobywatelska.pl\/przestrzen\/wp-content\/uploads\/sites\/9\/2017\/09\/mragowo_piknik-1-300x200.jpg\" class=\"attachment-medium size-medium\" alt=\"\" loading=\"lazy\" srcset=\"https:\/\/partycypacjaobywatelska.pl\/przestrzen\/wp-content\/uploads\/sites\/9\/2017\/09\/mragowo_piknik-1-300x200.jpg 300w, https:\/\/partycypacjaobywatelska.pl\/przestrzen\/wp-content\/uploads\/sites\/9\/2017\/09\/mragowo_piknik-1-1024x682.jpg 1024w, https:\/\/partycypacjaobywatelska.pl\/przestrzen\/wp-content\/uploads\/sites\/9\/2017\/09\/mragowo_piknik-1-180x120.jpg 180w, https:\/\/partycypacjaobywatelska.pl\/przestrzen\/wp-content\/uploads\/sites\/9\/2017\/09\/mragowo_piknik-1.jpg 1364w\" sizes=\"(max-width: 300px) 100vw, 300px\" \/><\/a>\n\t\t\t<\/div><\/figure><figure class='gallery-item'>\n\t\t\t<div class='gallery-icon landscape'>\n\t\t\t\t<a href='https:\/\/partycypacjaobywatelska.pl\/przestrzen\/wp-content\/uploads\/sites\/9\/2017\/09\/mragowo_piknik-13.jpg'><img width=\"300\" height=\"200\" src=\"https:\/\/partycypacjaobywatelska.pl\/przestrzen\/wp-content\/uploads\/sites\/9\/2017\/09\/mragowo_piknik-13-300x200.jpg\" class=\"attachment-medium size-medium\" alt=\"\" loading=\"lazy\" srcset=\"https:\/\/partycypacjaobywatelska.pl\/przestrzen\/wp-content\/uploads\/sites\/9\/2017\/09\/mragowo_piknik-13-300x200.jpg 300w, https:\/\/partycypacjaobywatelska.pl\/przestrzen\/wp-content\/uploads\/sites\/9\/2017\/09\/mragowo_piknik-13-1024x682.jpg 1024w, https:\/\/partycypacjaobywatelska.pl\/przestrzen\/wp-content\/uploads\/sites\/9\/2017\/09\/mragowo_piknik-13-180x120.jpg 180w, https:\/\/partycypacjaobywatelska.pl\/przestrzen\/wp-content\/uploads\/sites\/9\/2017\/09\/mragowo_piknik-13.jpg 1364w\" sizes=\"(max-width: 300px) 100vw, 300px\" \/><\/a>\n\t\t\t<\/div><\/figure><figure class='gallery-item'>\n\t\t\t<div class='gallery-icon landscape'>\n\t\t\t\t<a href='https:\/\/partycypacjaobywatelska.pl\/przestrzen\/wp-content\/uploads\/sites\/9\/2017\/09\/mragowo_piknik-12.jpg'><img width=\"300\" height=\"200\" src=\"https:\/\/partycypacjaobywatelska.pl\/przestrzen\/wp-content\/uploads\/sites\/9\/2017\/09\/mragowo_piknik-12-300x200.jpg\" class=\"attachment-medium size-medium\" alt=\"\" loading=\"lazy\" srcset=\"https:\/\/partycypacjaobywatelska.pl\/przestrzen\/wp-content\/uploads\/sites\/9\/2017\/09\/mragowo_piknik-12-300x200.jpg 300w, https:\/\/partycypacjaobywatelska.pl\/przestrzen\/wp-content\/uploads\/sites\/9\/2017\/09\/mragowo_piknik-12-1024x682.jpg 1024w, https:\/\/partycypacjaobywatelska.pl\/przestrzen\/wp-content\/uploads\/sites\/9\/2017\/09\/mragowo_piknik-12-180x120.jpg 180w, https:\/\/partycypacjaobywatelska.pl\/przestrzen\/wp-content\/uploads\/sites\/9\/2017\/09\/mragowo_piknik-12.jpg 1364w\" sizes=\"(max-width: 300px) 100vw, 300px\" \/><\/a>\n\t\t\t<\/div><\/figure><figure class='gallery-item'>\n\t\t\t<div class='gallery-icon landscape'>\n\t\t\t\t<a href='https:\/\/partycypacjaobywatelska.pl\/przestrzen\/wp-content\/uploads\/sites\/9\/2017\/09\/mragowo_piknik-3.jpg'><img width=\"300\" height=\"200\" src=\"https:\/\/partycypacjaobywatelska.pl\/przestrzen\/wp-content\/uploads\/sites\/9\/2017\/09\/mragowo_piknik-3-300x200.jpg\" class=\"attachment-medium size-medium\" alt=\"\" loading=\"lazy\" srcset=\"https:\/\/partycypacjaobywatelska.pl\/przestrzen\/wp-content\/uploads\/sites\/9\/2017\/09\/mragowo_piknik-3-300x200.jpg 300w, https:\/\/partycypacjaobywatelska.pl\/przestrzen\/wp-content\/uploads\/sites\/9\/2017\/09\/mragowo_piknik-3-1024x682.jpg 1024w, https:\/\/partycypacjaobywatelska.pl\/przestrzen\/wp-content\/uploads\/sites\/9\/2017\/09\/mragowo_piknik-3-180x120.jpg 180w, https:\/\/partycypacjaobywatelska.pl\/przestrzen\/wp-content\/uploads\/sites\/9\/2017\/09\/mragowo_piknik-3.jpg 1364w\" sizes=\"(max-width: 300px) 100vw, 300px\" \/><\/a>\n\t\t\t<\/div><\/figure><figure class='gallery-item'>\n\t\t\t<div class='gallery-icon landscape'>\n\t\t\t\t<a href='https:\/\/partycypacjaobywatelska.pl\/przestrzen\/wp-content\/uploads\/sites\/9\/2017\/09\/mragowo_piknik-10.jpg'><img width=\"300\" height=\"200\" src=\"https:\/\/partycypacjaobywatelska.pl\/przestrzen\/wp-content\/uploads\/sites\/9\/2017\/09\/mragowo_piknik-10-300x200.jpg\" class=\"attachment-medium size-medium\" alt=\"\" loading=\"lazy\" srcset=\"https:\/\/partycypacjaobywatelska.pl\/przestrzen\/wp-content\/uploads\/sites\/9\/2017\/09\/mragowo_piknik-10-300x200.jpg 300w, https:\/\/partycypacjaobywatelska.pl\/przestrzen\/wp-content\/uploads\/sites\/9\/2017\/09\/mragowo_piknik-10-1024x682.jpg 1024w, https:\/\/partycypacjaobywatelska.pl\/przestrzen\/wp-content\/uploads\/sites\/9\/2017\/09\/mragowo_piknik-10-180x120.jpg 180w, https:\/\/partycypacjaobywatelska.pl\/przestrzen\/wp-content\/uploads\/sites\/9\/2017\/09\/mragowo_piknik-10.jpg 1364w\" sizes=\"(max-width: 300px) 100vw, 300px\" \/><\/a>\n\t\t\t<\/div><\/figure><figure class='gallery-item'>\n\t\t\t<div class='gallery-icon landscape'>\n\t\t\t\t<a href='https:\/\/partycypacjaobywatelska.pl\/przestrzen\/wp-content\/uploads\/sites\/9\/2017\/09\/mragowo_piknik-8.jpg'><img width=\"300\" height=\"200\" src=\"https:\/\/partycypacjaobywatelska.pl\/przestrzen\/wp-content\/uploads\/sites\/9\/2017\/09\/mragowo_piknik-8-300x200.jpg\" class=\"attachment-medium size-medium\" alt=\"\" loading=\"lazy\" srcset=\"https:\/\/partycypacjaobywatelska.pl\/przestrzen\/wp-content\/uploads\/sites\/9\/2017\/09\/mragowo_piknik-8-300x200.jpg 300w, https:\/\/partycypacjaobywatelska.pl\/przestrzen\/wp-content\/uploads\/sites\/9\/2017\/09\/mragowo_piknik-8-1024x682.jpg 1024w, https:\/\/partycypacjaobywatelska.pl\/przestrzen\/wp-content\/uploads\/sites\/9\/2017\/09\/mragowo_piknik-8-180x120.jpg 180w, https:\/\/partycypacjaobywatelska.pl\/przestrzen\/wp-content\/uploads\/sites\/9\/2017\/09\/mragowo_piknik-8.jpg 1364w\" sizes=\"(max-width: 300px) 100vw, 300px\" \/><\/a>\n\t\t\t<\/div><\/figure><figure class='gallery-item'>\n\t\t\t<div class='gallery-icon landscape'>\n\t\t\t\t<a href='https:\/\/partycypacjaobywatelska.pl\/przestrzen\/wp-content\/uploads\/sites\/9\/2017\/09\/mragowo_piknik-5.jpg'><img width=\"300\" height=\"200\" src=\"https:\/\/partycypacjaobywatelska.pl\/przestrzen\/wp-content\/uploads\/sites\/9\/2017\/09\/mragowo_piknik-5-300x200.jpg\" class=\"attachment-medium size-medium\" alt=\"\" loading=\"lazy\" srcset=\"https:\/\/partycypacjaobywatelska.pl\/przestrzen\/wp-content\/uploads\/sites\/9\/2017\/09\/mragowo_piknik-5-300x200.jpg 300w, https:\/\/partycypacjaobywatelska.pl\/przestrzen\/wp-content\/uploads\/sites\/9\/2017\/09\/mragowo_piknik-5-1024x682.jpg 1024w, https:\/\/partycypacjaobywatelska.pl\/przestrzen\/wp-content\/uploads\/sites\/9\/2017\/09\/mragowo_piknik-5-180x120.jpg 180w, https:\/\/partycypacjaobywatelska.pl\/przestrzen\/wp-content\/uploads\/sites\/9\/2017\/09\/mragowo_piknik-5.jpg 1364w\" sizes=\"(max-width: 300px) 100vw, 300px\" \/><\/a>\n\t\t\t<\/div><\/figure><figure class='gallery-item'>\n\t\t\t<div class='gallery-icon portrait'>\n\t\t\t\t<a href='https:\/\/partycypacjaobywatelska.pl\/przestrzen\/wp-content\/uploads\/sites\/9\/2017\/09\/mragowo_piknik-11.jpg'><img width=\"200\" height=\"300\" src=\"https:\/\/partycypacjaobywatelska.pl\/przestrzen\/wp-content\/uploads\/sites\/9\/2017\/09\/mragowo_piknik-11-200x300.jpg\" class=\"attachment-medium size-medium\" alt=\"\" loading=\"lazy\" srcset=\"https:\/\/partycypacjaobywatelska.pl\/przestrzen\/wp-content\/uploads\/sites\/9\/2017\/09\/mragowo_piknik-11-200x300.jpg 200w, https:\/\/partycypacjaobywatelska.pl\/przestrzen\/wp-content\/uploads\/sites\/9\/2017\/09\/mragowo_piknik-11-682x1024.jpg 682w, https:\/\/partycypacjaobywatelska.pl\/przestrzen\/wp-content\/uploads\/sites\/9\/2017\/09\/mragowo_piknik-11-80x120.jpg 80w, https:\/\/partycypacjaobywatelska.pl\/przestrzen\/wp-content\/uploads\/sites\/9\/2017\/09\/mragowo_piknik-11.jpg 908w\" sizes=\"(max-width: 200px) 100vw, 200px\" \/><\/a>\n\t\t\t<\/div><\/figure><figure class='gallery-item'>\n\t\t\t<div class='gallery-icon portrait'>\n\t\t\t\t<a href='https:\/\/partycypacjaobywatelska.pl\/przestrzen\/wp-content\/uploads\/sites\/9\/2017\/09\/mragowo_piknik-6.jpg'><img width=\"200\" height=\"300\" src=\"https:\/\/partycypacjaobywatelska.pl\/przestrzen\/wp-content\/uploads\/sites\/9\/2017\/09\/mragowo_piknik-6-200x300.jpg\" class=\"attachment-medium size-medium\" alt=\"\" loading=\"lazy\" srcset=\"https:\/\/partycypacjaobywatelska.pl\/przestrzen\/wp-content\/uploads\/sites\/9\/2017\/09\/mragowo_piknik-6-200x300.jpg 200w, https:\/\/partycypacjaobywatelska.pl\/przestrzen\/wp-content\/uploads\/sites\/9\/2017\/09\/mragowo_piknik-6-682x1024.jpg 682w, https:\/\/partycypacjaobywatelska.pl\/przestrzen\/wp-content\/uploads\/sites\/9\/2017\/09\/mragowo_piknik-6-80x120.jpg 80w, https:\/\/partycypacjaobywatelska.pl\/przestrzen\/wp-content\/uploads\/sites\/9\/2017\/09\/mragowo_piknik-6.jpg 908w\" sizes=\"(max-width: 200px) 100vw, 200px\" \/><\/a>\n\t\t\t<\/div><\/figure><figure class='gallery-item'>\n\t\t\t<div class='gallery-icon portrait'>\n\t\t\t\t<a href='https:\/\/partycypacjaobywatelska.pl\/przestrzen\/wp-content\/uploads\/sites\/9\/2017\/09\/mragowo_piknik-9.jpg'><img width=\"200\" height=\"300\" src=\"https:\/\/partycypacjaobywatelska.pl\/przestrzen\/wp-content\/uploads\/sites\/9\/2017\/09\/mragowo_piknik-9-200x300.jpg\" class=\"attachment-medium size-medium\" alt=\"\" loading=\"lazy\" srcset=\"https:\/\/partycypacjaobywatelska.pl\/przestrzen\/wp-content\/uploads\/sites\/9\/2017\/09\/mragowo_piknik-9-200x300.jpg 200w, https:\/\/partycypacjaobywatelska.pl\/przestrzen\/wp-content\/uploads\/sites\/9\/2017\/09\/mragowo_piknik-9-682x1024.jpg 682w, https:\/\/partycypacjaobywatelska.pl\/przestrzen\/wp-content\/uploads\/sites\/9\/2017\/09\/mragowo_piknik-9-80x120.jpg 80w, https:\/\/partycypacjaobywatelska.pl\/przestrzen\/wp-content\/uploads\/sites\/9\/2017\/09\/mragowo_piknik-9.jpg 908w\" sizes=\"(max-width: 200px) 100vw, 200px\" \/><\/a>\n\t\t\t<\/div><\/figure>\n\t\t<\/div>\n\n<p style=\"text-align: center\">Fot. Urz\u0105d Miasta Mr\u0105gowo<\/p>\n<p style=\"text-align: left\">Uwagi zg\u0142oszone podczas pikniku i w toku konsultacji zostan\u0105 spisane w formie raportu i udost\u0119pnione na stronie miasta\u00a0oraz zaprezentowane podczas spotkania podsumowuj\u0105cego ca\u0142y proces.\u00a0<\/p>\n<p style=\"text-align: left\">\u0179r\u00f3d\u0142o informacji: <a href=\"http:\/\/www.mragowo.pl\/pl\/aktualnosci\/4913-piknik-sasiedzki-w-historycznej-dzielnicy-mragowa\" target=\"_blank\">www.mragowo.pl<\/a>.<\/p>\n","protected":false},"excerpt":{"rendered":"<p>Pod koniec wrze\u015bnia mr\u0105gowscy urz\u0119dnicy zorganizowali dla mieszka\u0144c\u00f3w piknik s\u0105siedzki. Spotkanie by\u0142o pretekstem do rozmowy o \u0142adzie przestrzennym cz\u0119\u015bci miasta, dla kt\u00f3rej szykowany jest plan miejscowy. Piknik rozpocz\u0105\u0142 si\u0119 spacerem historycznym,\u00a0podczas\u00a0kt\u00f3rego mo\u017cna by\u0142o dowiedzie\u0107 si\u0119, kiedy powsta\u0142a dzielnica, pozna\u0107 histori\u0119 poszczeg\u00f3lnych budynk\u00f3w i obejrze\u0107\u00a0archiwalne\u00a0zdj\u0119cia. Uczestnicy spaceru dzielili si\u0119 te\u017c swoimi opowie\u015bciami i wspomnieniami na temat &hellip;<\/p>\n<a href=\"https:\/\/partycypacjaobywatelska.pl\/przestrzen\/2017\/09\/26\/piknik-sasiedzki-i-spacer-historyczny-w-mragowie\/\" class=\"ReadMore\">Czytaj wi\u0119cej<\/a>","protected":false},"author":141,"featured_media":1323,"comment_status":"closed","ping_status":"closed","sticky":false,"template":"","format":"standard","meta":[],"categories":[31],"tags":[34],"_links":{"self":[{"href":"https:\/\/partycypacjaobywatelska.pl\/przestrzen\/wp-json\/wp\/v2\/posts\/1316"}],"collection":[{"href":"https:\/\/partycypacjaobywatelska.pl\/przestrzen\/wp-json\/wp\/v2\/posts"}],"about":[{"href":"https:\/\/partycypacjaobywatelska.pl\/przestrzen\/wp-json\/wp\/v2\/types\/post"}],"author":[{"embeddable":true,"href":"https:\/\/partycypacjaobywatelska.pl\/przestrzen\/wp-json\/wp\/v2\/users\/141"}],"replies":[{"embeddable":true,"href":"https:\/\/partycypacjaobywatelska.pl\/przestrzen\/wp-json\/wp\/v2\/comments?post=1316"}],"version-history":[{"count":7,"href":"https:\/\/partycypacjaobywatelska.pl\/przestrzen\/wp-json\/wp\/v2\/posts\/1316\/revisions"}],"predecessor-version":[{"id":1337,"href":"https:\/\/partycypacjaobywatelska.pl\/przestrzen\/wp-json\/wp\/v2\/posts\/1316\/revisions\/1337"}],"wp:featuredmedia":[{"embeddable":true,"href":"https:\/\/partycypacjaobywatelska.pl\/przestrzen\/wp-json\/wp\/v2\/media\/1323"}],"wp:attachment":[{"href":"https:\/\/partycypacjaobywatelska.pl\/przestrzen\/wp-json\/wp\/v2\/media?parent=1316"}],"wp:term":[{"taxonomy":"category","embeddable":true,"href":"https:\/\/partycypacjaobywatelska.pl\/przestrzen\/wp-json\/wp\/v2\/categories?post=1316"},{"taxonomy":"post_tag","embeddable":true,"href":"https:\/\/partycypacjaobywatelska.pl\/przestrzen\/wp-json\/wp\/v2\/tags?post=1316"}],"curies":[{"name":"wp","href":"https:\/\/api.w.org\/{rel}","templated":true}]}}