
{"id":1300,"date":"2017-10-11T10:37:29","date_gmt":"2017-10-11T08:37:29","guid":{"rendered":"http:\/\/partycypacjaobywatelska.pl\/przestrzen\/?p=1300"},"modified":"2017-10-19T10:26:41","modified_gmt":"2017-10-19T08:26:41","slug":"warsztat-badawczy-dla-mieszkancow-gminy-piaseczno","status":"publish","type":"post","link":"https:\/\/partycypacjaobywatelska.pl\/przestrzen\/2017\/10\/11\/warsztat-badawczy-dla-mieszkancow-gminy-piaseczno\/","title":{"rendered":"Warsztat badawczy dla mieszka\u0144c\u00f3w gminy Piaseczno"},"content":{"rendered":"<p class=\"lead\">Makiet\u0119 centralnej cz\u0119\u015bci Zalesia G\u00f3rnego mogli samodzielnie wykona\u0107 mieszka\u0144cy gminy Piaseczno podczas warsztatu badawczego b\u0119d\u0105cego elementem konsultacji planu miejscowego.<\/p>\n<p><span style=\"font-size: 1.25rem\">Zapewniaj\u0105c zaj\u0119cia dla dzieci, organizatorzy zadbali, by mieszka\u0144cy zainteresowani udzia\u0142em we wsp\u00f3lnym projektowaniu przestrzeni publicznych w Zalesiu G\u00f3rnym, mogli bez problemu uczestniczy\u0107 w warsztacie.<\/span><\/p>\n<div id='gallery-1' class='gallery galleryid-1300 gallery-columns-2 gallery-size-large'><figure class='gallery-item'>\n\t\t\t<div class='gallery-icon portrait'>\n\t\t\t\t<a href='https:\/\/partycypacjaobywatelska.pl\/przestrzen\/wp-content\/uploads\/sites\/9\/2017\/10\/piaseczno_10.jpg'><img width=\"720\" height=\"960\" src=\"https:\/\/partycypacjaobywatelska.pl\/przestrzen\/wp-content\/uploads\/sites\/9\/2017\/10\/piaseczno_10.jpg\" class=\"attachment-large size-large\" alt=\"\" loading=\"lazy\" srcset=\"https:\/\/partycypacjaobywatelska.pl\/przestrzen\/wp-content\/uploads\/sites\/9\/2017\/10\/piaseczno_10.jpg 720w, https:\/\/partycypacjaobywatelska.pl\/przestrzen\/wp-content\/uploads\/sites\/9\/2017\/10\/piaseczno_10-225x300.jpg 225w, https:\/\/partycypacjaobywatelska.pl\/przestrzen\/wp-content\/uploads\/sites\/9\/2017\/10\/piaseczno_10-90x120.jpg 90w\" sizes=\"(max-width: 720px) 100vw, 720px\" \/><\/a>\n\t\t\t<\/div><\/figure><figure class='gallery-item'>\n\t\t\t<div class='gallery-icon portrait'>\n\t\t\t\t<a href='https:\/\/partycypacjaobywatelska.pl\/przestrzen\/wp-content\/uploads\/sites\/9\/2017\/10\/piaseczno_9.jpg'><img width=\"720\" height=\"960\" src=\"https:\/\/partycypacjaobywatelska.pl\/przestrzen\/wp-content\/uploads\/sites\/9\/2017\/10\/piaseczno_9.jpg\" class=\"attachment-large size-large\" alt=\"\" loading=\"lazy\" srcset=\"https:\/\/partycypacjaobywatelska.pl\/przestrzen\/wp-content\/uploads\/sites\/9\/2017\/10\/piaseczno_9.jpg 720w, https:\/\/partycypacjaobywatelska.pl\/przestrzen\/wp-content\/uploads\/sites\/9\/2017\/10\/piaseczno_9-225x300.jpg 225w, https:\/\/partycypacjaobywatelska.pl\/przestrzen\/wp-content\/uploads\/sites\/9\/2017\/10\/piaseczno_9-90x120.jpg 90w\" sizes=\"(max-width: 720px) 100vw, 720px\" \/><\/a>\n\t\t\t<\/div><\/figure>\n\t\t<\/div>\n\n<p style=\"text-align: center\">\u0179r\u00f3d\u0142o zdj\u0119\u0107:\u00a0<a href=\"http:\/\/www.facebook.com\/konsultacje.zalesie.gorne\" target=\"_blank\">www.facebook.com\/konsultacje.zalesie.gorne<\/a><\/p>\n","protected":false},"excerpt":{"rendered":"<p>Makiet\u0119 centralnej cz\u0119\u015bci Zalesia G\u00f3rnego mogli samodzielnie wykona\u0107 mieszka\u0144cy gminy Piaseczno podczas warsztatu badawczego b\u0119d\u0105cego elementem konsultacji planu miejscowego. Zapewniaj\u0105c zaj\u0119cia dla dzieci, organizatorzy zadbali, by mieszka\u0144cy zainteresowani udzia\u0142em we wsp\u00f3lnym projektowaniu przestrzeni publicznych w Zalesiu G\u00f3rnym, mogli bez problemu uczestniczy\u0107 w warsztacie. \u0179r\u00f3d\u0142o zdj\u0119\u0107:\u00a0www.facebook.com\/konsultacje.zalesie.gorne<\/p>\n<a href=\"https:\/\/partycypacjaobywatelska.pl\/przestrzen\/2017\/10\/11\/warsztat-badawczy-dla-mieszkancow-gminy-piaseczno\/\" class=\"ReadMore\">Czytaj wi\u0119cej<\/a>","protected":false},"author":141,"featured_media":1301,"comment_status":"closed","ping_status":"closed","sticky":false,"template":"","format":"standard","meta":[],"categories":[31],"tags":[37],"_links":{"self":[{"href":"https:\/\/partycypacjaobywatelska.pl\/przestrzen\/wp-json\/wp\/v2\/posts\/1300"}],"collection":[{"href":"https:\/\/partycypacjaobywatelska.pl\/przestrzen\/wp-json\/wp\/v2\/posts"}],"about":[{"href":"https:\/\/partycypacjaobywatelska.pl\/przestrzen\/wp-json\/wp\/v2\/types\/post"}],"author":[{"embeddable":true,"href":"https:\/\/partycypacjaobywatelska.pl\/przestrzen\/wp-json\/wp\/v2\/users\/141"}],"replies":[{"embeddable":true,"href":"https:\/\/partycypacjaobywatelska.pl\/przestrzen\/wp-json\/wp\/v2\/comments?post=1300"}],"version-history":[{"count":12,"href":"https:\/\/partycypacjaobywatelska.pl\/przestrzen\/wp-json\/wp\/v2\/posts\/1300\/revisions"}],"predecessor-version":[{"id":1351,"href":"https:\/\/partycypacjaobywatelska.pl\/przestrzen\/wp-json\/wp\/v2\/posts\/1300\/revisions\/1351"}],"wp:featuredmedia":[{"embeddable":true,"href":"https:\/\/partycypacjaobywatelska.pl\/przestrzen\/wp-json\/wp\/v2\/media\/1301"}],"wp:attachment":[{"href":"https:\/\/partycypacjaobywatelska.pl\/przestrzen\/wp-json\/wp\/v2\/media?parent=1300"}],"wp:term":[{"taxonomy":"category","embeddable":true,"href":"https:\/\/partycypacjaobywatelska.pl\/przestrzen\/wp-json\/wp\/v2\/categories?post=1300"},{"taxonomy":"post_tag","embeddable":true,"href":"https:\/\/partycypacjaobywatelska.pl\/przestrzen\/wp-json\/wp\/v2\/tags?post=1300"}],"curies":[{"name":"wp","href":"https:\/\/api.w.org\/{rel}","templated":true}]}}