
{"id":1269,"date":"2017-10-04T15:53:29","date_gmt":"2017-10-04T13:53:29","guid":{"rendered":"http:\/\/partycypacjaobywatelska.pl\/przestrzen\/?p=1269"},"modified":"2017-12-20T13:31:53","modified_gmt":"2017-12-20T12:31:53","slug":"publikacja-podsumowujaca-konsultacje-w-wolominie","status":"publish","type":"post","link":"https:\/\/partycypacjaobywatelska.pl\/przestrzen\/2017\/10\/04\/publikacja-podsumowujaca-konsultacje-w-wolominie\/","title":{"rendered":"Publikacja podsumowuj\u0105ca konsultacje w Wo\u0142ominie"},"content":{"rendered":"<p class=\"lead\">Pod koniec wrze\u015bnia oficjalnie zako\u0144czy\u0142 si\u0119 proces konsultacji za\u0142o\u017ce\u0144 do planu miejscowego dla centrum Wo\u0142omina. Na spotkaniu podsumowuj\u0105cym opr\u00f3cz przedstawicieli w\u0142adz i ekspert\u00f3w licznie pojawili si\u0119 mieszka\u0144cy.<\/p>\n<p>Konsultacje\u00a0trwa\u0142y od maja 2017 roku. W\u00a0tym czasie urz\u0119dnicy\u00a0zbierali uwagi poprzez\u00a0ankiet\u0119 internetow\u0105, w trakcie spotka\u0144 otwartych\u00a0oraz w punktach konsultacyjnych. Nad za\u0142o\u017ceniami do planu pracowa\u0142a te\u017c grupa robocza z\u0142o\u017cona m.in. z mieszka\u0144c\u00f3w miasta.\u00a0Uzupe\u0142nieniem konsultacji by\u0142\u00a0<a href=\"http:\/\/partycypacjaobywatelska.pl\/przestrzen\/2017\/07\/17\/piknik-w-wolominie-z-konsultacjami-w-tle\/\">piknik rodzinny<\/a>.<\/p>\n<div id='gallery-1' class='gallery galleryid-1269 gallery-columns-2 gallery-size-medium'><figure class='gallery-item'>\n\t\t\t<div class='gallery-icon landscape'>\n\t\t\t\t<a href='https:\/\/partycypacjaobywatelska.pl\/przestrzen\/wp-content\/uploads\/sites\/9\/2017\/10\/wolomin_podsumowanie_2.jpeg'><img width=\"300\" height=\"225\" src=\"https:\/\/partycypacjaobywatelska.pl\/przestrzen\/wp-content\/uploads\/sites\/9\/2017\/10\/wolomin_podsumowanie_2-300x225.jpeg\" class=\"attachment-medium size-medium\" alt=\"\" loading=\"lazy\" srcset=\"https:\/\/partycypacjaobywatelska.pl\/przestrzen\/wp-content\/uploads\/sites\/9\/2017\/10\/wolomin_podsumowanie_2-300x225.jpeg 300w, https:\/\/partycypacjaobywatelska.pl\/przestrzen\/wp-content\/uploads\/sites\/9\/2017\/10\/wolomin_podsumowanie_2-160x120.jpeg 160w, https:\/\/partycypacjaobywatelska.pl\/przestrzen\/wp-content\/uploads\/sites\/9\/2017\/10\/wolomin_podsumowanie_2.jpeg 800w\" sizes=\"(max-width: 300px) 100vw, 300px\" \/><\/a>\n\t\t\t<\/div><\/figure><figure class='gallery-item'>\n\t\t\t<div class='gallery-icon landscape'>\n\t\t\t\t<a href='https:\/\/partycypacjaobywatelska.pl\/przestrzen\/wp-content\/uploads\/sites\/9\/2017\/10\/wolomin_podsumowanie_3.jpeg'><img width=\"300\" height=\"225\" src=\"https:\/\/partycypacjaobywatelska.pl\/przestrzen\/wp-content\/uploads\/sites\/9\/2017\/10\/wolomin_podsumowanie_3-300x225.jpeg\" class=\"attachment-medium size-medium\" alt=\"\" loading=\"lazy\" srcset=\"https:\/\/partycypacjaobywatelska.pl\/przestrzen\/wp-content\/uploads\/sites\/9\/2017\/10\/wolomin_podsumowanie_3-300x225.jpeg 300w, https:\/\/partycypacjaobywatelska.pl\/przestrzen\/wp-content\/uploads\/sites\/9\/2017\/10\/wolomin_podsumowanie_3-160x120.jpeg 160w, https:\/\/partycypacjaobywatelska.pl\/przestrzen\/wp-content\/uploads\/sites\/9\/2017\/10\/wolomin_podsumowanie_3.jpeg 800w\" sizes=\"(max-width: 300px) 100vw, 300px\" \/><\/a>\n\t\t\t<\/div><\/figure>\n\t\t<\/div>\n\n<p>\u2013 <em>Dzi\u0119kuj\u0119 wszystkim, kt\u00f3rzy pomogli nam w opracowaniu za\u0142o\u017ce\u0144 planu.\u00a0Uda\u0142o nam si\u0119 wypracowa\u0107 z Pa\u0144stwem wiele istotnych dla miasta uwag, a tak\u017ce stworzy\u0107 nowy model wsp\u00f3\u0142pracy i wsp\u00f3\u0142decydowania<\/em> \u2013 powiedzia\u0142a burmistrz El\u017cbieta Radwan podczas spotkania, na kt\u00f3rym zaprezentowano wyniki konsultacji.<\/p>\n<p>O ca\u0142o\u015bci procesu mo\u017cna dowiedzie\u0107 si\u0119 z wydanej przez miasto publikacji \u201eJaki plan na centrum Wo\u0142omina?\u201d, kt\u00f3ra zawiera efekty wsp\u00f3lnej pracy urz\u0119dnik\u00f3w i mieszka\u0144c\u00f3w miasta.<\/p>\n<p style=\"text-align: center\"><a href=\"http:\/\/wolomin.org\/wp-content\/uploads\/2017\/09\/Plan_na_centrum.pdf\"><img loading=\"lazy\" class=\"alignnone size-full wp-image-1273\" src=\"http:\/\/partycypacjaobywatelska.pl\/przestrzen\/wp-content\/uploads\/sites\/9\/2017\/10\/wolomin_raport.png\" alt=\"wo\u0142omin_raport\" width=\"436\" height=\"631\" srcset=\"https:\/\/partycypacjaobywatelska.pl\/przestrzen\/wp-content\/uploads\/sites\/9\/2017\/10\/wolomin_raport.png 436w, https:\/\/partycypacjaobywatelska.pl\/przestrzen\/wp-content\/uploads\/sites\/9\/2017\/10\/wolomin_raport-207x300.png 207w, https:\/\/partycypacjaobywatelska.pl\/przestrzen\/wp-content\/uploads\/sites\/9\/2017\/10\/wolomin_raport-83x120.png 83w\" sizes=\"(max-width: 436px) 100vw, 436px\" \/><\/a><\/p>\n<p style=\"text-align: center\">Kliknij w obrazek, by wy\u015bwietli\u0107 raport.<\/p>\n<p>\u0179r\u00f3d\u0142o informacji i zdj\u0119\u0107:\u00a0<a href=\"http:\/\/wolomin.org\/2017\/09\/22\/plan-centrum-wolomina\/\" target=\"_blank\">wolomin.org<\/a>.<\/p>\n","protected":false},"excerpt":{"rendered":"<p>Pod koniec wrze\u015bnia oficjalnie zako\u0144czy\u0142 si\u0119 proces konsultacji za\u0142o\u017ce\u0144 do planu miejscowego dla centrum Wo\u0142omina. Na spotkaniu podsumowuj\u0105cym opr\u00f3cz przedstawicieli w\u0142adz i ekspert\u00f3w licznie pojawili si\u0119 mieszka\u0144cy. Konsultacje\u00a0trwa\u0142y od maja 2017 roku. W\u00a0tym czasie urz\u0119dnicy\u00a0zbierali uwagi poprzez\u00a0ankiet\u0119 internetow\u0105, w trakcie spotka\u0144 otwartych\u00a0oraz w punktach konsultacyjnych. Nad za\u0142o\u017ceniami do planu pracowa\u0142a te\u017c grupa robocza z\u0142o\u017cona m.in. &hellip;<\/p>\n<a href=\"https:\/\/partycypacjaobywatelska.pl\/przestrzen\/2017\/10\/04\/publikacja-podsumowujaca-konsultacje-w-wolominie\/\" class=\"ReadMore\">Czytaj wi\u0119cej<\/a>","protected":false},"author":141,"featured_media":1273,"comment_status":"closed","ping_status":"closed","sticky":false,"template":"","format":"standard","meta":[],"categories":[31],"tags":[35],"_links":{"self":[{"href":"https:\/\/partycypacjaobywatelska.pl\/przestrzen\/wp-json\/wp\/v2\/posts\/1269"}],"collection":[{"href":"https:\/\/partycypacjaobywatelska.pl\/przestrzen\/wp-json\/wp\/v2\/posts"}],"about":[{"href":"https:\/\/partycypacjaobywatelska.pl\/przestrzen\/wp-json\/wp\/v2\/types\/post"}],"author":[{"embeddable":true,"href":"https:\/\/partycypacjaobywatelska.pl\/przestrzen\/wp-json\/wp\/v2\/users\/141"}],"replies":[{"embeddable":true,"href":"https:\/\/partycypacjaobywatelska.pl\/przestrzen\/wp-json\/wp\/v2\/comments?post=1269"}],"version-history":[{"count":9,"href":"https:\/\/partycypacjaobywatelska.pl\/przestrzen\/wp-json\/wp\/v2\/posts\/1269\/revisions"}],"predecessor-version":[{"id":1592,"href":"https:\/\/partycypacjaobywatelska.pl\/przestrzen\/wp-json\/wp\/v2\/posts\/1269\/revisions\/1592"}],"wp:featuredmedia":[{"embeddable":true,"href":"https:\/\/partycypacjaobywatelska.pl\/przestrzen\/wp-json\/wp\/v2\/media\/1273"}],"wp:attachment":[{"href":"https:\/\/partycypacjaobywatelska.pl\/przestrzen\/wp-json\/wp\/v2\/media?parent=1269"}],"wp:term":[{"taxonomy":"category","embeddable":true,"href":"https:\/\/partycypacjaobywatelska.pl\/przestrzen\/wp-json\/wp\/v2\/categories?post=1269"},{"taxonomy":"post_tag","embeddable":true,"href":"https:\/\/partycypacjaobywatelska.pl\/przestrzen\/wp-json\/wp\/v2\/tags?post=1269"}],"curies":[{"name":"wp","href":"https:\/\/api.w.org\/{rel}","templated":true}]}}