
{"id":1178,"date":"2017-09-08T13:46:29","date_gmt":"2017-09-08T11:46:29","guid":{"rendered":"http:\/\/partycypacjaobywatelska.pl\/przestrzen\/?p=1178"},"modified":"2017-10-19T10:24:49","modified_gmt":"2017-10-19T08:24:49","slug":"wstep-do-konsultacji-w-gminie-piaseczno","status":"publish","type":"post","link":"https:\/\/partycypacjaobywatelska.pl\/przestrzen\/2017\/09\/08\/wstep-do-konsultacji-w-gminie-piaseczno\/","title":{"rendered":"Wst\u0119p do konsultacji w gminie Piaseczno"},"content":{"rendered":"<p class=\"lead\" style=\"text-align: left\">Od warsztat\u00f3w dla dzieci w pierwszym dniu szko\u0142y rozpocz\u0119\u0142y si\u0119 konsultacje spo\u0142eczne\u00a0maj\u0105ce na celu sformu\u0142owanie wytycznych do projektu planu miejscowego dla Zalesia G\u00f3rnego\u00a0w gminie Piaseczno. Konsultacje zak\u0142adaj\u0105 m.in. cykl spotka\u0144 i spacer\u00f3w badawczych, a potrwaj\u0105\u00a0do ko\u0144ca pa\u017adziernika 2017 r. \u00a0<\/p>\n<p>Spotkania w szko\u0142ach i przedszkolach odbywaj\u0105 si\u0119 pod has\u0142em \u201ePodr\u00f3\u017c wehiku\u0142em czasu \u2013 Zalesie G\u00f3rne w przysz\u0142o\u015bci\u201d. W trakcie pierwszych zaj\u0119\u0107 dzieci tworzy\u0142y obraz gminy za 30 lat, a do dom\u00f3w mog\u0142y zabra\u0107 kolorowanki, kt\u00f3re by\u0142y jednocze\u015bnie zaproszeniem dla rodzic\u00f3w do udzia\u0142u w konsultacjach. Relacja z pierwszych warsztat\u00f3w pojawi\u0142a si\u0119 w\u00a0<a href=\"https:\/\/youtu.be\/1Zp3FM6y2fc\" target=\"_blank\">lokalnych mediach<\/a>.<\/p>\n<div id='gallery-1' class='gallery galleryid-1178 gallery-columns-2 gallery-size-medium'><figure class='gallery-item'>\n\t\t\t<div class='gallery-icon landscape'>\n\t\t\t\t<a href='https:\/\/partycypacjaobywatelska.pl\/przestrzen\/wp-content\/uploads\/sites\/9\/2017\/09\/hulahop3.jpg'><img width=\"300\" height=\"225\" src=\"https:\/\/partycypacjaobywatelska.pl\/przestrzen\/wp-content\/uploads\/sites\/9\/2017\/09\/hulahop3-300x225.jpg\" class=\"attachment-medium size-medium\" alt=\"\" loading=\"lazy\" srcset=\"https:\/\/partycypacjaobywatelska.pl\/przestrzen\/wp-content\/uploads\/sites\/9\/2017\/09\/hulahop3-300x225.jpg 300w, https:\/\/partycypacjaobywatelska.pl\/przestrzen\/wp-content\/uploads\/sites\/9\/2017\/09\/hulahop3-1024x768.jpg 1024w, https:\/\/partycypacjaobywatelska.pl\/przestrzen\/wp-content\/uploads\/sites\/9\/2017\/09\/hulahop3-160x120.jpg 160w\" sizes=\"(max-width: 300px) 100vw, 300px\" \/><\/a>\n\t\t\t<\/div><\/figure><figure class='gallery-item'>\n\t\t\t<div class='gallery-icon landscape'>\n\t\t\t\t<a href='https:\/\/partycypacjaobywatelska.pl\/przestrzen\/wp-content\/uploads\/sites\/9\/2017\/09\/hulahop4.jpg'><img width=\"300\" height=\"225\" src=\"https:\/\/partycypacjaobywatelska.pl\/przestrzen\/wp-content\/uploads\/sites\/9\/2017\/09\/hulahop4-300x225.jpg\" class=\"attachment-medium size-medium\" alt=\"\" loading=\"lazy\" srcset=\"https:\/\/partycypacjaobywatelska.pl\/przestrzen\/wp-content\/uploads\/sites\/9\/2017\/09\/hulahop4-300x225.jpg 300w, https:\/\/partycypacjaobywatelska.pl\/przestrzen\/wp-content\/uploads\/sites\/9\/2017\/09\/hulahop4-1024x768.jpg 1024w, https:\/\/partycypacjaobywatelska.pl\/przestrzen\/wp-content\/uploads\/sites\/9\/2017\/09\/hulahop4-160x120.jpg 160w\" sizes=\"(max-width: 300px) 100vw, 300px\" \/><\/a>\n\t\t\t<\/div><\/figure>\n\t\t<\/div>\n\n<p><img loading=\"lazy\" class=\"alignnone size-large wp-image-1199 aligncenter\" src=\"http:\/\/partycypacjaobywatelska.pl\/przestrzen\/wp-content\/uploads\/sites\/9\/2017\/09\/konsultzg-kolorowanka-2017-09-01-724x1024.jpg\" alt=\"KonsultZG-kolorowanka-2017.09.01\" width=\"724\" height=\"1024\" srcset=\"https:\/\/partycypacjaobywatelska.pl\/przestrzen\/wp-content\/uploads\/sites\/9\/2017\/09\/konsultzg-kolorowanka-2017-09-01-724x1024.jpg 724w, https:\/\/partycypacjaobywatelska.pl\/przestrzen\/wp-content\/uploads\/sites\/9\/2017\/09\/konsultzg-kolorowanka-2017-09-01-212x300.jpg 212w, https:\/\/partycypacjaobywatelska.pl\/przestrzen\/wp-content\/uploads\/sites\/9\/2017\/09\/konsultzg-kolorowanka-2017-09-01-85x120.jpg 85w\" sizes=\"(max-width: 724px) 100vw, 724px\" \/><\/p>\n<p>W toku konsultacji urz\u0119dnicy b\u0119d\u0105 zbiera\u0107 informacje na temat zidentyfikowanych przez mieszka\u0144c\u00f3w problem\u00f3w dotycz\u0105cych czterech przestrzeni publicznych poddanych konsultacjom, w tym otoczenia stacji kolejowej oraz\u00a0teren\u00f3w wok\u00f3\u0142 szko\u0142y i przedszkola. Wyb\u00f3r tych przestrzeni oparto na badaniu pn. <a href=\"http:\/\/piaseczno.eu\/wp-content\/uploads\/2017\/08\/Raport-z-bada%C5%84-2016.pdf\" target=\"_blank\">\u201eZmiany w zagospodarowaniu przestrzeni Zalesia G\u00f3rnego\u201d<\/a> przeprowadzonym w 2016 roku.<\/p>\n<p><img class=\"aligncenter\" src=\"https:\/\/piaseczno.eu\/wp-content\/uploads\/2017\/08\/KonsultZG-plakatA3-696x980.jpg\" alt=\"\" \/><\/p>\n<p>Aktualne informacje o procesie konsultacji s\u0105 udost\u0119pniane na stronie urz\u0119du oraz <a href=\"http:\/\/www.fb.com\/konsultacje.zalesie.gorne\" target=\"_blank\">w mediach spo\u0142eczno\u015bciowych<\/a>.<\/p>\n<p>\u0179r\u00f3d\u0142o informacji:\u00a0<a href=\"https:\/\/piaseczno.eu\/jak-zagospodarowac-przestrzen-publiczna-w-zalesiu-gornym\/\" target=\"_blank\">https:\/\/piaseczno.eu\/<\/a>.<\/p>\n","protected":false},"excerpt":{"rendered":"<p>Od warsztat\u00f3w dla dzieci w pierwszym dniu szko\u0142y rozpocz\u0119\u0142y si\u0119 konsultacje spo\u0142eczne\u00a0maj\u0105ce na celu sformu\u0142owanie wytycznych do projektu planu miejscowego dla Zalesia G\u00f3rnego\u00a0w gminie Piaseczno. Konsultacje zak\u0142adaj\u0105 m.in. cykl spotka\u0144 i spacer\u00f3w badawczych, a potrwaj\u0105\u00a0do ko\u0144ca pa\u017adziernika 2017 r. \u00a0 Spotkania w szko\u0142ach i przedszkolach odbywaj\u0105 si\u0119 pod has\u0142em \u201ePodr\u00f3\u017c wehiku\u0142em czasu \u2013 Zalesie G\u00f3rne &hellip;<\/p>\n<a href=\"https:\/\/partycypacjaobywatelska.pl\/przestrzen\/2017\/09\/08\/wstep-do-konsultacji-w-gminie-piaseczno\/\" class=\"ReadMore\">Czytaj wi\u0119cej<\/a>","protected":false},"author":141,"featured_media":1197,"comment_status":"closed","ping_status":"closed","sticky":false,"template":"","format":"standard","meta":[],"categories":[31],"tags":[37],"_links":{"self":[{"href":"https:\/\/partycypacjaobywatelska.pl\/przestrzen\/wp-json\/wp\/v2\/posts\/1178"}],"collection":[{"href":"https:\/\/partycypacjaobywatelska.pl\/przestrzen\/wp-json\/wp\/v2\/posts"}],"about":[{"href":"https:\/\/partycypacjaobywatelska.pl\/przestrzen\/wp-json\/wp\/v2\/types\/post"}],"author":[{"embeddable":true,"href":"https:\/\/partycypacjaobywatelska.pl\/przestrzen\/wp-json\/wp\/v2\/users\/141"}],"replies":[{"embeddable":true,"href":"https:\/\/partycypacjaobywatelska.pl\/przestrzen\/wp-json\/wp\/v2\/comments?post=1178"}],"version-history":[{"count":19,"href":"https:\/\/partycypacjaobywatelska.pl\/przestrzen\/wp-json\/wp\/v2\/posts\/1178\/revisions"}],"predecessor-version":[{"id":1350,"href":"https:\/\/partycypacjaobywatelska.pl\/przestrzen\/wp-json\/wp\/v2\/posts\/1178\/revisions\/1350"}],"wp:featuredmedia":[{"embeddable":true,"href":"https:\/\/partycypacjaobywatelska.pl\/przestrzen\/wp-json\/wp\/v2\/media\/1197"}],"wp:attachment":[{"href":"https:\/\/partycypacjaobywatelska.pl\/przestrzen\/wp-json\/wp\/v2\/media?parent=1178"}],"wp:term":[{"taxonomy":"category","embeddable":true,"href":"https:\/\/partycypacjaobywatelska.pl\/przestrzen\/wp-json\/wp\/v2\/categories?post=1178"},{"taxonomy":"post_tag","embeddable":true,"href":"https:\/\/partycypacjaobywatelska.pl\/przestrzen\/wp-json\/wp\/v2\/tags?post=1178"}],"curies":[{"name":"wp","href":"https:\/\/api.w.org\/{rel}","templated":true}]}}