
{"id":1113,"date":"2017-06-01T14:06:25","date_gmt":"2017-06-01T12:06:25","guid":{"rendered":"http:\/\/partycypacjaobywatelska.pl\/przestrzen\/?p=1113"},"modified":"2017-08-25T16:09:38","modified_gmt":"2017-08-25T14:09:38","slug":"raporty-z-konsultacji-w-bydgoszczy","status":"publish","type":"post","link":"https:\/\/partycypacjaobywatelska.pl\/przestrzen\/2017\/06\/01\/raporty-z-konsultacji-w-bydgoszczy\/","title":{"rendered":"Raporty z konsultacji w Bydgoszczy"},"content":{"rendered":"<p class=\"lead\">Zako\u0144czy\u0142y si\u0119 konsultacje spo\u0142eczne dotycz\u0105ce zagospodarowania dw\u00f3ch obszar\u00f3w w Bydgoszczy &#8211; Skarpy P\u00f3\u0142nocnej w Fordonie wraz z terenami zieleni oraz nabrze\u017cy rzeki Brdy.\u00a0<\/p>\n<p>Proces konsultacji rozpocz\u0105\u0142 si\u0119 na pocz\u0105tku maja. Przez prawie miesi\u0105c mieszka\u0144cy mogli wypowiedzie\u0107 si\u0119 w kwestii zagospodarowania obu obszar\u00f3w obj\u0119tych planowan\u0105 zmian\u0105 studium za pomoc\u0105 ankiety internetowej. W mobilnych punktach konsultacyjnych w wype\u0142nianiu ankiety pomagali miejscy urbani\u015bci. W ramach konsultacji urz\u0119dnicy zorganizowali r\u00f3wnie\u017c warsztaty planowania partycypacyjnego.<\/p>\n<p>Podsumowanie wszystkich dzia\u0142a\u0144 znajduje si\u0119 w osobnych raportach dla dw\u00f3ch obszar\u00f3w poddanych konsultacjom (dost\u0119pne <a href=\"http:\/\/www.bydgoskiekonsultacje.pl\/p\/blog-page_24.html\" target=\"_blank\">tutaj<\/a>).<\/p>\n<p>Wnioski i rekomendacje mieszka\u0144c\u00f3w zebrane w czasie konsultacji\u00a0b\u0119d\u0105 pomocne w\u00a0okre\u015blaniu dalszych kierunk\u00f3w rozwoju miasta, kt\u00f3re zostan\u0105 wskazane w studium uwarunkowa\u0144 i kierunk\u00f3w zagospodarowania przestrzennego oraz planach miejscowych.\u00a0<\/p>\n<p>Wi\u0119cej informacji na stronie\u00a0<a href=\"http:\/\/www.bydgoskiekonsultacje.pl\/2017\/06\/fordon-i-brda-dziekujemy-za-udzia-w.html\" target=\"_blank\">http:\/\/www.bydgoskiekonsultacje.pl\/<\/a>.<\/p>\n","protected":false},"excerpt":{"rendered":"<p>Zako\u0144czy\u0142y si\u0119 konsultacje spo\u0142eczne dotycz\u0105ce zagospodarowania dw\u00f3ch obszar\u00f3w w Bydgoszczy &#8211; Skarpy P\u00f3\u0142nocnej w Fordonie wraz z terenami zieleni oraz nabrze\u017cy rzeki Brdy.\u00a0 Proces konsultacji rozpocz\u0105\u0142 si\u0119 na pocz\u0105tku maja. Przez prawie miesi\u0105c mieszka\u0144cy mogli wypowiedzie\u0107 si\u0119 w kwestii zagospodarowania obu obszar\u00f3w obj\u0119tych planowan\u0105 zmian\u0105 studium za pomoc\u0105 ankiety internetowej. W mobilnych punktach konsultacyjnych w &hellip;<\/p>\n<a href=\"https:\/\/partycypacjaobywatelska.pl\/przestrzen\/2017\/06\/01\/raporty-z-konsultacji-w-bydgoszczy\/\" class=\"ReadMore\">Czytaj wi\u0119cej<\/a>","protected":false},"author":141,"featured_media":606,"comment_status":"closed","ping_status":"closed","sticky":false,"template":"","format":"standard","meta":[],"categories":[31],"tags":[26],"_links":{"self":[{"href":"https:\/\/partycypacjaobywatelska.pl\/przestrzen\/wp-json\/wp\/v2\/posts\/1113"}],"collection":[{"href":"https:\/\/partycypacjaobywatelska.pl\/przestrzen\/wp-json\/wp\/v2\/posts"}],"about":[{"href":"https:\/\/partycypacjaobywatelska.pl\/przestrzen\/wp-json\/wp\/v2\/types\/post"}],"author":[{"embeddable":true,"href":"https:\/\/partycypacjaobywatelska.pl\/przestrzen\/wp-json\/wp\/v2\/users\/141"}],"replies":[{"embeddable":true,"href":"https:\/\/partycypacjaobywatelska.pl\/przestrzen\/wp-json\/wp\/v2\/comments?post=1113"}],"version-history":[{"count":7,"href":"https:\/\/partycypacjaobywatelska.pl\/przestrzen\/wp-json\/wp\/v2\/posts\/1113\/revisions"}],"predecessor-version":[{"id":1141,"href":"https:\/\/partycypacjaobywatelska.pl\/przestrzen\/wp-json\/wp\/v2\/posts\/1113\/revisions\/1141"}],"wp:featuredmedia":[{"embeddable":true,"href":"https:\/\/partycypacjaobywatelska.pl\/przestrzen\/wp-json\/wp\/v2\/media\/606"}],"wp:attachment":[{"href":"https:\/\/partycypacjaobywatelska.pl\/przestrzen\/wp-json\/wp\/v2\/media?parent=1113"}],"wp:term":[{"taxonomy":"category","embeddable":true,"href":"https:\/\/partycypacjaobywatelska.pl\/przestrzen\/wp-json\/wp\/v2\/categories?post=1113"},{"taxonomy":"post_tag","embeddable":true,"href":"https:\/\/partycypacjaobywatelska.pl\/przestrzen\/wp-json\/wp\/v2\/tags?post=1113"}],"curies":[{"name":"wp","href":"https:\/\/api.w.org\/{rel}","templated":true}]}}