
{"id":1054,"date":"2017-08-23T11:45:03","date_gmt":"2017-08-23T09:45:03","guid":{"rendered":"http:\/\/partycypacjaobywatelska.pl\/przestrzen\/?p=1054"},"modified":"2018-01-30T16:28:24","modified_gmt":"2018-01-30T15:28:24","slug":"raport-z-konsultacji-w-rybniku","status":"publish","type":"post","link":"https:\/\/partycypacjaobywatelska.pl\/przestrzen\/2017\/08\/23\/raport-z-konsultacji-w-rybniku\/","title":{"rendered":"Raport z konsultacji w Rybniku"},"content":{"rendered":"<p class=\"lead\">Po kilku miesi\u0105cach pracy i wielu spotkaniach z mieszka\u0144cami zako\u0144czy\u0142y si\u0119 konsultacje spo\u0142eczne w Rybniku s\u0142u\u017c\u0105ce\u00a0wypracowaniu za\u0142o\u017ce\u0144 do projektu planu miejscowego dla dzielnicy Zamys\u0142\u00f3w.<\/p>\n<p>Raport podsumowuje przebieg konsultacji &#8211; relacjonuje spotkania\u00a0informacyjne i\u00a0konsultacyjne oraz warsztaty projektowe, opisuje wyniki ankiety internetowej i zbiera wnioski przekazane przez mieszka\u0144c\u00f3w. Opinie zebrane podczas\u00a0konsultacji b\u0119d\u0105 g\u0142osem doradczym dla projektant\u00f3w\u00a0planu miejscowego i prezydenta Rybnika w procesie podejmowania decyzji.<\/p>\n<p>Kolejnym etapem prac b\u0119dzie sporz\u0105dzenie projektu planu, co mo\u017ce potrwa\u0107 od 2 do 3 miesi\u0119cy. Nast\u0119pnie projekt zostanie przekazany do opiniowania i uzgadniania przez w\u0142a\u015bciwe organy okre\u015blone w przepisach prawa.<\/p>\n<p><a href=\"https:\/\/www.rybnik.eu\/fileadmin\/user_files\/aktualnosci\/2017\/2017-08\/Raport_Zamyslow.pdf\" target=\"_blank\"><img loading=\"lazy\" class=\" size-full wp-image-1056 aligncenter\" src=\"http:\/\/partycypacjaobywatelska.pl\/przestrzen\/wp-content\/uploads\/sites\/9\/2017\/08\/rybnik-raport-z-konsultacji.png\" alt=\"rybnik raport z konsultacji\" width=\"395\" height=\"559\" srcset=\"https:\/\/partycypacjaobywatelska.pl\/przestrzen\/wp-content\/uploads\/sites\/9\/2017\/08\/rybnik-raport-z-konsultacji.png 395w, https:\/\/partycypacjaobywatelska.pl\/przestrzen\/wp-content\/uploads\/sites\/9\/2017\/08\/rybnik-raport-z-konsultacji-212x300.png 212w, https:\/\/partycypacjaobywatelska.pl\/przestrzen\/wp-content\/uploads\/sites\/9\/2017\/08\/rybnik-raport-z-konsultacji-85x120.png 85w\" sizes=\"(max-width: 395px) 100vw, 395px\" \/><\/a><\/p>\n<p style=\"text-align: center;\">Kliknij w obrazek, aby obejrze\u0107 raport.<\/p>\n","protected":false},"excerpt":{"rendered":"<p>Po kilku miesi\u0105cach pracy i wielu spotkaniach z mieszka\u0144cami zako\u0144czy\u0142y si\u0119 konsultacje spo\u0142eczne w Rybniku s\u0142u\u017c\u0105ce\u00a0wypracowaniu za\u0142o\u017ce\u0144 do projektu planu miejscowego dla dzielnicy Zamys\u0142\u00f3w. Raport podsumowuje przebieg konsultacji &#8211; relacjonuje spotkania\u00a0informacyjne i\u00a0konsultacyjne oraz warsztaty projektowe, opisuje wyniki ankiety internetowej i zbiera wnioski przekazane przez mieszka\u0144c\u00f3w. Opinie zebrane podczas\u00a0konsultacji b\u0119d\u0105 g\u0142osem doradczym dla projektant\u00f3w\u00a0planu miejscowego i &hellip;<\/p>\n<a href=\"https:\/\/partycypacjaobywatelska.pl\/przestrzen\/2017\/08\/23\/raport-z-konsultacji-w-rybniku\/\" class=\"ReadMore\">Czytaj wi\u0119cej<\/a>","protected":false},"author":141,"featured_media":1063,"comment_status":"closed","ping_status":"closed","sticky":false,"template":"","format":"standard","meta":[],"categories":[31],"tags":[33],"_links":{"self":[{"href":"https:\/\/partycypacjaobywatelska.pl\/przestrzen\/wp-json\/wp\/v2\/posts\/1054"}],"collection":[{"href":"https:\/\/partycypacjaobywatelska.pl\/przestrzen\/wp-json\/wp\/v2\/posts"}],"about":[{"href":"https:\/\/partycypacjaobywatelska.pl\/przestrzen\/wp-json\/wp\/v2\/types\/post"}],"author":[{"embeddable":true,"href":"https:\/\/partycypacjaobywatelska.pl\/przestrzen\/wp-json\/wp\/v2\/users\/141"}],"replies":[{"embeddable":true,"href":"https:\/\/partycypacjaobywatelska.pl\/przestrzen\/wp-json\/wp\/v2\/comments?post=1054"}],"version-history":[{"count":9,"href":"https:\/\/partycypacjaobywatelska.pl\/przestrzen\/wp-json\/wp\/v2\/posts\/1054\/revisions"}],"predecessor-version":[{"id":1629,"href":"https:\/\/partycypacjaobywatelska.pl\/przestrzen\/wp-json\/wp\/v2\/posts\/1054\/revisions\/1629"}],"wp:featuredmedia":[{"embeddable":true,"href":"https:\/\/partycypacjaobywatelska.pl\/przestrzen\/wp-json\/wp\/v2\/media\/1063"}],"wp:attachment":[{"href":"https:\/\/partycypacjaobywatelska.pl\/przestrzen\/wp-json\/wp\/v2\/media?parent=1054"}],"wp:term":[{"taxonomy":"category","embeddable":true,"href":"https:\/\/partycypacjaobywatelska.pl\/przestrzen\/wp-json\/wp\/v2\/categories?post=1054"},{"taxonomy":"post_tag","embeddable":true,"href":"https:\/\/partycypacjaobywatelska.pl\/przestrzen\/wp-json\/wp\/v2\/tags?post=1054"}],"curies":[{"name":"wp","href":"https:\/\/api.w.org\/{rel}","templated":true}]}}