{"id":439,"date":"2024-03-11T12:31:20","date_gmt":"2024-03-11T11:31:20","guid":{"rendered":"https:\/\/partycypacjaobywatelska.pl\/debiuty\/?p=439"},"modified":"2024-04-04T10:42:53","modified_gmt":"2024-04-04T08:42:53","slug":"debiuty-w-partycypacji-ruszyl-nabor-do-ii-edycji","status":"publish","type":"post","link":"https:\/\/partycypacjaobywatelska.pl\/debiuty\/2024\/03\/11\/debiuty-w-partycypacji-ruszyl-nabor-do-ii-edycji\/","title":{"rendered":"\u201cDebiuty w partycypacji\u201d &#8211; ruszy\u0142 nab\u00f3r do II edycji"},"content":{"rendered":"<p><b>\u201cDebiuty w partycypacji\u201d to program wspieraj\u0105cy dzia\u0142aj\u0105ce lokalnie organizacje, kt\u00f3re jeszcze nie maj\u0105 do\u015bwiadczenia we w\u0142\u0105czaniu spo\u0142eczno\u015bci do decydowania o wsp\u00f3lnych sprawach.\u00a0<\/b><\/p>\n<p><b>Masz pomys\u0142 jak zach\u0119ci\u0107 swoj\u0105 spo\u0142eczno\u015b\u0107 do aktywno\u015bci obywatelskiej? Chcesz dowiedzie\u0107 si\u0119 jak si\u0119 do tego zabra\u0107? Do\u0142\u0105cz do programu!<\/b><\/p>\n<p><span style=\"font-weight: 400;\">W programie otrzymasz wsparcie mentorskie i finansowe, kt\u00f3re pomo\u017ce Twojej organizacji przeprowadzi\u0107 np. lokaln\u0105 debat\u0119 \/ narad\u0119, konsultacje dotycz\u0105ce wa\u017cnego tematu (np. rozwoju miejscowo\u015bci) czy spo\u0142eczn\u0105 diagnoz\u0119 wsp\u00f3lnej przestrzeni. Warto pami\u0119ta\u0107, \u017ce partycypacja to wp\u0142yw mieszka\u0144c\u00f3w i mieszkanek na decyzje podejmowane przez w\u0142adze samorz\u0105dowe, ale tak\u017ce przez instytucje mu podleg\u0142e, tj. szko\u0142a, biblioteka, rada osiedla. Zatem je\u015bli czujesz, \u017ce chcesz co\u015b zrobi\u0107 w tym obszarze i masz ch\u0119\u0107 dzia\u0142ania, ale nie masz do\u015bwiadczenia, sprawd\u017a jak mo\u017cemy pom\u00f3c Twojej organizacji postawi\u0107 pierwsze kroki.<\/span><\/p>\n<p><b>Kogo zapraszamy?<\/b><\/p>\n<p><span style=\"font-weight: 400;\">Przede wszystkim zale\u017cy nam na wsp\u00f3\u0142pracy z m\u0142odymi organizacjami z ma\u0142ym do\u015bwiadczeniem dzia\u0142aj\u0105cymi:<\/span><\/p>\n<ul>\n<li style=\"font-weight: 400;\"><span style=\"font-weight: 400;\">w ma\u0142ych miejscowo\u015bciach i\/lub wsiach<\/span><\/li>\n<li style=\"font-weight: 400;\"><span style=\"font-weight: 400;\">w miastach powiatowych i by\u0142ych miastach wojew\u00f3dzkich<\/span><\/li>\n<li style=\"font-weight: 400;\"><span style=\"font-weight: 400;\">ze wszystkich wojew\u00f3dztw, a w szczeg\u00f3lno\u015bci z: podkarpackiego, podlaskiego, warmi\u0144sko-mazurskiego, \u015bwi\u0119tokrzyskiego, lubelskiego<\/span><\/li>\n<\/ul>\n<p><b>Czego mo\u017cesz si\u0119 spodziewa\u0107?<\/b><\/p>\n<p><span style=\"font-weight: 400;\">B\u0119dziemy wspiera\u0107 organizacje w stawianiu ich pierwszych krok\u00f3w w obszarze partycypacji! Zesp\u00f3\u0142 programu to osoby z bogatym do\u015bwiadczeniem, ale przede wszystkim ch\u0119tne do pomocy i dzia\u0142ania. To program dla pocz\u0105tkuj\u0105cych, wi\u0119c przeprowadzimy organizacj\u0119 przez ca\u0142y proces:<\/span><\/p>\n<ul>\n<li style=\"font-weight: 400;\"><span style=\"font-weight: 400;\">pomo\u017cemy zaplanowa\u0107 dzia\u0142anie partycypacyjne adekwatne do lokalnych warunk\u00f3w i mo\u017cliwo\u015bci<\/span><\/li>\n<li style=\"font-weight: 400;\"><span style=\"font-weight: 400;\">przeka\u017cemy grant do 5 000 z\u0142 na przeprowadzenie zaplanowanego dzia\u0142ania i bon o warto\u015bci 2 000 z\u0142 na wzmocnienie (szkolenia indywidualne)<\/span><\/li>\n<li style=\"font-weight: 400;\"><span style=\"font-weight: 400;\">zorganizujemy dwa spotkania sieciuj\u0105ce, aby\u015bcie mogli pozna\u0107 osoby podobne do Was, wymieni\u0107 si\u0119 swoimi do\u015bwiadczeniami i pozna\u0107 tajniki partycypacji (zobacz jak wygl\u0105da\u0142o <\/span><a href=\"https:\/\/partycypacjaobywatelska.pl\/debiuty\/2023\/08\/22\/spotkanie-sieciujaco-szkoleniowe-za-nami\/\"><span style=\"font-weight: 400;\">pierwsze<\/span><\/a><span style=\"font-weight: 400;\"> i drugie <\/span><a href=\"https:\/\/partycypacjaobywatelska.pl\/debiuty\/2023\/12\/14\/spotkanie-podsumowujace-1-edycje-programu\/\"><span style=\"font-weight: 400;\">spotkanie<\/span><\/a><span style=\"font-weight: 400;\"> w I edycji)<\/span><\/li>\n<li style=\"font-weight: 400;\"><span style=\"font-weight: 400;\">zaprosimy uczestnik\u00f3w i uczestniczki na webinary szkoleniowe, podczas kt\u00f3rych poszerzycie swoj\u0105 wiedz\u0119 nt. zarz\u0105dzania organizacj\u0105 i finansami organizacji, komunikacji wewn\u0119trznej i zewn\u0119trznej<\/span><\/li>\n<\/ul>\n<p><b>Jak do\u0142\u0105czy\u0107 do programu?<\/b><\/p>\n<p><span style=\"font-weight: 400;\">Zg\u0142oszenia do II edycji programu trwaj\u0105 <strong>do 12 kwietnia<\/strong> 2024 r. (pi\u0105tek) do godz. 12:00 poprzez formularz dost\u0119pny na stronie <a href=\"https:\/\/partycypacjaobywatelska.pl\/debiuty\/zglos-sie\/\">Zg\u0142o\u015b si\u0119<\/a>.\u00a0<\/span><span style=\"font-weight: 400;\">Formularz jest prosty &#8211; poprosimy w nim m.in. o kilka s\u0142\u00f3w o Twojej organizacji, pytamy o powody do\u0142\u0105czenia do programu oraz wst\u0119pny pomys\u0142 na dzia\u0142anie.<\/span><\/p>\n<p><span style=\"font-weight: 400;\">Wszystkie osoby zainteresowane udzia\u0142em zapraszamy na <strong>webinar informacyjny<\/strong> 25 marca 2024 r. o godzinie 15:00, podczas kt\u00f3rego przybli\u017cymy dzia\u0142ania oraz odpowiemy na pytania (<a href=\"https:\/\/docs.google.com\/forms\/d\/e\/1FAIpQLSfZ-XDOzu9ug8LpqBYqb-tAct1U9orzkj3tGgpB2HhIxnsRmQ\/viewform\">zapisz si\u0119 na webinar poprzez formularz<\/a>). Zach\u0119camy do przeczytania <\/span><a href=\"https:\/\/partycypacjaobywatelska.pl\/debiuty\/o-programie\/\"><span style=\"font-weight: 400;\">informacji<\/span><\/a><span style=\"font-weight: 400;\"> o programie.<\/span><\/p>\n<p><span style=\"font-weight: 400;\">W razie pyta\u0144 prosimy o kontakt z koordynatorem Marcinem G\u00f3reckim &#8211; telefonicznie od poniedzia\u0142ku do pi\u0105tku w godzinach 09:00-17:00 pod numerem telefonu: 500 142 994 lub mailowo: <\/span><a href=\"mailto:mgorecki@stocznia.org.pl\"><span style=\"font-weight: 400;\">mgorecki@stocznia.org.pl<\/span><\/a><span style=\"font-weight: 400;\">\u00a0<\/span><\/p>\n<div class=\"gmail_default\"><b>Procedura oceny zg\u0142osze\u0144<\/b><\/div>\n<div class=\"gmail_default\">\nZg\u0142oszenia do programu podlegaj\u0105 ocenie formalnej i merytorycznej.<\/p>\n<p>Oceny formalnej i merytorycznej ka\u017cdego zg\u0142oszenia dokonuj\u0105 dwie osoby z zespo\u0142u programu po stronie Fundacji Stocznia.<\/p>\n<p>Podczas oceny formalnej sprawdzane jest czy:<\/p><\/div>\n<ul>\n<li class=\"gmail_default\">Zg\u0142aszaj\u0105cy uprawniony jest do udzia\u0142u w programie \u201cDebiuty w partycypacji\u201d (spos\u00f3b oceny: TAK\/NIE)<\/li>\n<li class=\"gmail_default\">Zg\u0142aszaj\u0105cy wype\u0142ni\u0142 prawid\u0142owo wszystkie pola formularza (spos\u00f3b oceny: TAK\/NIE)<\/li>\n<li class=\"gmail_default\">Zg\u0142aszaj\u0105cy planuje swoje dzia\u0142ania w gminie lub powiecie, gdzie zarejestrowana jest jego siedziba (TAK\/NIE)<\/li>\n<li class=\"gmail_default\">Zg\u0142aszaj\u0105cy nie posiada swojej siedziby w mie\u015bcie powy\u017cej 500 tys. mieszka\u0144c\u00f3w (TAK\/NIE)<\/li>\n<\/ul>\n<p>Podczas oceny merytorycznej przyznawane s\u0105 punkty w poni\u017cszych kategoriach:<\/p>\n<ul>\n<li>Zg\u0142aszaj\u0105cy w przekonuj\u0105cy spos\u00f3b przedstawi\u0142 swoje motywy w kwestii rozwoju b\u0105d\u017a nauki dzia\u0142a\u0144 partycypacyjnych swojej organizacji (spos\u00f3b oceny: 0-4)<\/li>\n<li>Zg\u0142aszaj\u0105cy okre\u015bli\u0142 przyk\u0142adowe kwestie w swojej spo\u0142eczno\u015bci lokalnej, kt\u00f3re mo\u017cna by podda\u0107 pod proces lub dzia\u0142anie partycypacyjne mieszcz\u0105ce si\u0119 w zakresie wsparcia oferowanego przez program, wskaza\u0142 potencjaln\u0105 instytucj\u0119, z kt\u00f3r\u0105 m\u00f3g\u0142by\/chcia\u0142by wsp\u00f3\u0142pracowa\u0107 w ramach dzia\u0142ania partycypacyjnego oraz przedstawi\u0142 og\u00f3lny pomys\u0142 na to, jak takie dzia\u0142anie mog\u0142oby przebiec (spos\u00f3b oceny: 0-4)<\/li>\n<li>Zg\u0142aszaj\u0105cy okre\u015bli\u0142 zasoby i braki swojej organizacji dot. realizacji dzia\u0142ania partycypacyjnego (spos\u00f3b oceny: 0-2)<\/li>\n<li>Zg\u0142aszaj\u0105cy okre\u015bli\u0142 obszary rozwoju instytucjonalnego swojej organizacji i w przekonuj\u0105cy spos\u00f3b je uzasadni\u0142 (spos\u00f3b oceny: 0-2)<\/li>\n<\/ul>\n<p><b>Zainspiruj si\u0119!<\/b><\/p>\n<p><i><span style=\"font-weight: 400;\">Chcemy pokaza\u0107 ludziom, \u017ce mog\u0105 zmienia\u0107 rzeczywisto\u015b\u0107, musz\u0105 tylko wiedzie\u0107 jak<\/span><\/i><span style=\"font-weight: 400;\"> \u2013 m\u00f3wi\u0105 mieszka\u0144cy wsi i ma\u0142ych miast, kt\u00f3rzy zrealizowali swoje dzia\u0142ania w pierwszej edycji programu \u201eDebiuty w partycypacji\u201d. Swoje niewielkie spo\u0142eczno\u015bci zaanga\u017cowali m.in. do ratowania zasob\u00f3w wody, wprowadzenia bud\u017cetu obywatelskiego czy stworzenia miejsca dla m\u0142odych do rozwijania pasji. A do czego potrzebny by\u0142 im w\u00f3zek? Zach\u0119camy do poznania ich historii:<\/span><\/p>\n<p><span style=\"font-weight: 400;\">W Babimo\u015bcie &#8222;uda\u0142o si\u0119 zebra\u0107 422 podpisy. I z\u0142o\u017cy\u0107 uchwa\u0142\u0119 na r\u0119ce radnych. \u2013 <\/span><i><span style=\"font-weight: 400;\">Nasi radni po raz pierwszy spotkali si\u0119 z tak\u0105 sytuacj\u0105. No bo jak to? Obywatele przedk\u0142adaj\u0105 uchwa\u0142\u0119? My, radni, to tak, ale zwykli ludzie?<\/span><\/i><span style=\"font-weight: 400;\">&#8221; <a href=\"https:\/\/partycypacjaobywatelska.pl\/debiuty\/2024\/02\/13\/dwunastu-aktywnych-ludzi\/\">Sprawd\u017a<\/a> jak Towarzystwo Mi\u0142o\u015bnik\u00f3w Ziemi Babimojskiej w swoim debiucie zaktywizowa\u0142o swoj\u0105 spo\u0142eczno\u015b\u0107.<\/span><\/p>\n<p><span style=\"font-weight: 400;\"><a href=\"https:\/\/partycypacjaobywatelska.pl\/debiuty\/?p=394\">Poznaj histori\u0119<\/a> w\u0142\u0105czania licz\u0105cej niespe\u0142na 80 mieszka\u0144c\u00f3w i mieszkanek wsi Niczon\u00f3w, w kt\u00f3rej &#8211; dzi\u0119ki \u201eDebiutom w partycypacji\u201d &#8211; po raz pierwszy w\u0142\u0105czono ludzi do dzia\u0142ania. Przyszli do programu, by znale\u017a\u0107 co\u015b, co \u0142\u0105czy\u0142oby mieszka\u0144c\u00f3w, zbli\u017cy\u0142o ich do siebie. I zach\u0119ca\u0142o m\u0142odych do powrotu lub pozostania tutaj, bo ju\u017c ponad 60 proc. mieszka\u0144c\u00f3w Niczonowa jest powy\u017cej 60. roku \u017cycia. A nie chcemy przecie\u017c, by nasza wyj\u0105tkowa wioska wymar\u0142a&#8221;.\u00a0<\/span><\/p>\n<p><span style=\"font-weight: 400;\">Stowarzyszenie &#8222;Ska\u0142a&#8221; za cel udzia\u0142u w naszym programie postawili sobie odzyskanie funduszu so\u0142eckiego dla mieszka\u0144c\u00f3w, by &#8222;odda\u0107 decyzj\u0119 o podziale pieni\u0119dzy w ich r\u0119ce\u201d.\u00a0<\/span><span style=\"font-weight: 400;\">Wiedzieli, \u017ce to swego rodzaju akt odwagi cywilnej, by przyj\u015b\u0107 na zebranie wiejskie i wyrazi\u0107 swoje zdanie, zw\u0142aszcza je\u015bli jest ono w kontrze do stanowiska lokalnych w\u0142adz. <a href=\"https:\/\/partycypacjaobywatelska.pl\/debiuty\/?p=407\">Zobacz<\/a> jak dotychczas wygl\u0105da\u0142y zebrania wiejskie i co zmieni\u0142o si\u0119 dzi\u0119ki partycypacyjnym dzia\u0142aniom.<\/span><\/p>\n<p><span style=\"font-weight: 400;\">Pomogli\u015bmy te\u017c przeprowadzi\u0107 proces podkarpackiej Fundacja AS KIER. <a href=\"https:\/\/partycypacjaobywatelska.pl\/debiuty\/2024\/02\/13\/mlodzi-maja-glos\/\">Sprawd\u017a<\/a> co uda\u0142o im si\u0119 dowiedzie\u0107 na temat tego, jak m\u0142odzi ludzie chc\u0105 sp\u0119dza\u0107 czas wolny, jak\u0105 maj\u0105 wizj\u0119 samych siebie, jak zach\u0119ci\u0107 ich do dzia\u0142ania na rzecz spo\u0142eczno\u015bci lokalne.\u00a0<\/span><\/p>\n<p><span style=\"font-weight: 400;\">Kiedy\u015b ko\u0142o (gospody\u0144 wiejskich) by\u0142o oknem na \u015bwiat, mo\u017cna w nim by\u0142o pozna\u0107 nowe przepisy kulinarne czy sposoby szyde\u0142kowania. Dzi\u015b oknem na \u015bwiat jest internet. Czy to znaczy, \u017ce ko\u0142a nie s\u0105 ju\u017c potrzebne?<\/span><i><span style=\"font-weight: 400;\"> Wierzymy, \u017ce s\u0105, tylko trzeba znale\u017a\u0107 na nie pomys\u0142<\/span><\/i><span style=\"font-weight: 400;\"> \u2013 m\u00f3wi Alicja, jedna z za\u0142o\u017cycielek mieczewskiego KGW. Wsp\u00f3lnie z innymi gospodyniami postanowi\u0142a przeprowadzi\u0107 dzia\u0142anie partycypacyjne, czyli zapyta\u0107 mieszka\u0144c\u00f3w Mieczewa o ich potrzeby spo\u0142eczno-kulturalne. <a href=\"https:\/\/partycypacjaobywatelska.pl\/debiuty\/?p=412\">Zobacz efekty<\/a>!<\/span><\/p>\n<p>&nbsp;<\/p>\n<p><span style=\"font-weight: 400;\">***<\/span><\/p>\n<p><span style=\"font-weight: 400;\">Program \u201eDebiuty w partycypacji\u201d realizowany jest w partnerstwie z German Marshall Fund.\u00a0<\/span><\/p>\n<p><span style=\"font-weight: 400;\">\u015arodki finansowe pochodz\u0105 z programu CEBRICS Ameryka\u0144skiej Agencji Rozwoju Mi\u0119dzynarodowego USAID.<\/span><\/p>\n<p>&nbsp;<\/p>\n","protected":false},"excerpt":{"rendered":"<p>\u201cDebiuty w partycypacji\u201d to program wspieraj\u0105cy dzia\u0142aj\u0105ce lokalnie organizacje, kt\u00f3re jeszcze nie maj\u0105 do\u015bwiadczenia we w\u0142\u0105czaniu spo\u0142eczno\u015bci do decydowania o wsp\u00f3lnych sprawach.\u00a0 Masz pomys\u0142 jak zach\u0119ci\u0107 swoj\u0105 spo\u0142eczno\u015b\u0107 do aktywno\u015bci obywatelskiej? Chcesz dowiedzie\u0107 si\u0119 jak si\u0119 do tego zabra\u0107? Do\u0142\u0105cz do programu! W programie otrzymasz wsparcie mentorskie i finansowe, kt\u00f3re pomo\u017ce Twojej organizacji przeprowadzi\u0107 np. [&hellip;]<\/p>\n","protected":false},"author":188,"featured_media":0,"comment_status":"open","ping_status":"open","sticky":false,"template":"","format":"standard","meta":[],"categories":[1],"tags":[],"_links":{"self":[{"href":"https:\/\/partycypacjaobywatelska.pl\/debiuty\/wp-json\/wp\/v2\/posts\/439"}],"collection":[{"href":"https:\/\/partycypacjaobywatelska.pl\/debiuty\/wp-json\/wp\/v2\/posts"}],"about":[{"href":"https:\/\/partycypacjaobywatelska.pl\/debiuty\/wp-json\/wp\/v2\/types\/post"}],"author":[{"embeddable":true,"href":"https:\/\/partycypacjaobywatelska.pl\/debiuty\/wp-json\/wp\/v2\/users\/188"}],"replies":[{"embeddable":true,"href":"https:\/\/partycypacjaobywatelska.pl\/debiuty\/wp-json\/wp\/v2\/comments?post=439"}],"version-history":[{"count":13,"href":"https:\/\/partycypacjaobywatelska.pl\/debiuty\/wp-json\/wp\/v2\/posts\/439\/revisions"}],"predecessor-version":[{"id":499,"href":"https:\/\/partycypacjaobywatelska.pl\/debiuty\/wp-json\/wp\/v2\/posts\/439\/revisions\/499"}],"wp:attachment":[{"href":"https:\/\/partycypacjaobywatelska.pl\/debiuty\/wp-json\/wp\/v2\/media?parent=439"}],"wp:term":[{"taxonomy":"category","embeddable":true,"href":"https:\/\/partycypacjaobywatelska.pl\/debiuty\/wp-json\/wp\/v2\/categories?post=439"},{"taxonomy":"post_tag","embeddable":true,"href":"https:\/\/partycypacjaobywatelska.pl\/debiuty\/wp-json\/wp\/v2\/tags?post=439"}],"curies":[{"name":"wp","href":"https:\/\/api.w.org\/{rel}","templated":true}]}}